{"id":112854,"date":"2021-03-10T07:19:33","date_gmt":"2021-03-10T12:19:33","guid":{"rendered":"https:\/\/linitiative.ca\/International\/taxer-les-plus-riches-pour-des-societes-plus-solidaires-et-feministes\/"},"modified":"2021-03-10T07:19:33","modified_gmt":"2021-03-10T12:19:33","slug":"taxer-les-plus-riches-pour-des-societes-plus-solidaires-et-feministes","status":"publish","type":"post","link":"https:\/\/linitiative.ca\/International\/taxer-les-plus-riches-pour-des-societes-plus-solidaires-et-feministes\/","title":{"rendered":"Taxer les plus riches pour des soci\u00e9t\u00e9s plus solidaires et f\u00e9ministes"},"content":{"rendered":"<div class=\"td-post-content\">\n<h2>Aux \u00c9tats-Unis, c\u2019est la Vice-Pr\u00e9sidente Kamala Harris qui a tir\u00e9 la sonnette d\u2019alarme, fin f\u00e9vrier, en soulignant que 2,5 millions de femmes avaient \u00e9t\u00e9 contraintes de quitter le march\u00e9 du travail depuis le d\u00e9but de la pand\u00e9mie. \u00ab\u00a0Notre \u00e9conomie ne peut pas se redresser sans la pleine participation des femmes, il s\u2019agit d\u2019une urgence nationale\u00a0\u00bb, a-t-elle martel\u00e9, en appelant \u00e0 un plan national pour faire face \u00e0 la situation.<\/h2>\n<p>Certes, les progr\u00e8s de la vaccination contre la Covid-19 aux \u00c9tats-Unis permettent d\u2019esp\u00e9rer une reprise rapide de l\u2019\u00e9conomie, mais les cicatrices resteront profondes. Les femmes repr\u00e9sentent 43% de la main-d\u2019\u0153uvre outre-Atlantique, mais elles ont \u00e9t\u00e9 affect\u00e9es par 56% des pertes d\u2019emploi li\u00e9es \u00e0 la pand\u00e9mie.<\/p>\n<p>Une disproportion qui s\u2019explique notamment par le fait qu\u2019elles sont surrepr\u00e9sent\u00e9es dans des services \u00e0 la personne durement frapp\u00e9s et dans les secteurs informels. Et les plus affect\u00e9es sont les femmes n\u2019ayant pas fait d\u2019\u00e9tudes sup\u00e9rieures, les Noires et les Hispaniques.<\/p>\n<h2>Pand\u00e9mie : les pertes d\u2019emplois ont surtout affect\u00e9 les femmes<\/h2>\n<p>Les Etats-Unis ne sont qu\u2019un exemple. Dans le monde entier, les pertes d\u2019emplois li\u00e9es \u00e0 la pand\u00e9mie\u00a0ont surtout affect\u00e9 les femmes, les expulsant parfois totalement du march\u00e9 du travail.<\/p>\n<p>Au Br\u00e9sil, par exemple, le taux de participation des femmes au march\u00e9 du travail s\u2019est effondr\u00e9 de 14% en un an. L\u2019impact sur le revenu est \u00e9vident, mais les cons\u00e9quences se feront sentir \u00e0 tr\u00e8s long terme, puisque ces mois sans travail impliquent une chute de leurs droits de retraite, quand ils existent. Une situation d\u2019autant plus ironique que les femmes vivent plus longtemps que les hommes.<\/p>\n<p>M\u00eame pour celles qui ont r\u00e9ussi \u00e0 garder un emploi, la situation s\u2019est d\u00e9t\u00e9rior\u00e9e. Pour certaines, l\u2019isolement social a r\u00e9duit leurs possibilit\u00e9s d\u2019\u00e9chapper \u00e0 la violence domestique. Et pour la plupart, elles ont d\u00fb d\u00e9dier plus d\u2019heures encore au travail domestique\u00a0non r\u00e9mun\u00e9r\u00e9. Ce sont elles qui en majorit\u00e9 s\u2019occupent de la sant\u00e9 de leur famille en\u00a0jonglant avec les nouveaux protocoles de s\u00e9curit\u00e9 et d\u2019hygi\u00e8ne. Elles prennent soin des malades et des personnes \u00e2g\u00e9es, plus vuln\u00e9rables que jamais. Et se transforment en ma\u00eetresses \u00e0 la maison pour les centaines de millions d\u2019enfants priv\u00e9s d\u2019\u00e9cole depuis l\u2019irruption du virus.<\/p>\n<blockquote>\n<h3><strong><em>\u00ab\u00a0L\u2019isolement social a r\u00e9duit les possibilit\u00e9s d\u2019\u00e9chapper \u00e0 la violence domestique\u00a0\u00bb<\/em><\/strong><\/h3>\n<\/blockquote>\n<p>Les cons\u00e9quences de la r\u00e9partition in\u00e9gale entre hommes et femmes des soins non r\u00e9mun\u00e9r\u00e9s et du travail domestique sont d\u00e9j\u00e0 connues. Les femmes et les filles ont moins de temps \u00e0 consacrer \u00e0 leur \u00e9ducation et \u00e0 la formation continue. Elles ont aussi plus de difficult\u00e9s \u00e0 entrer dans le march\u00e9 du travail r\u00e9mun\u00e9r\u00e9 et \u00e0 y progresser. Ce qui se traduit en salaires plus bas, mais aussi moins de protection sociale et de pensions de retraites.<\/p>\n<p>Les perspectives pour la prochaine g\u00e9n\u00e9ration ne sont gu\u00e8re plus rassurantes. Plus de 1,7 milliards d\u2019enfants ont \u00e9t\u00e9 touch\u00e9s par les fermetures d\u2019\u00e9coles. Si les retards d\u2019apprentissage les concernent tous, pour beaucoup de filles, c\u2019est une sortie d\u00e9finitive du syst\u00e8me. Certaines travaillent dans les champs ou comme domestiques, et l\u2019ONG Save the Children estime qu\u2019il faut s\u2019attendre, d\u2019ici 2030, \u00e0 13 millions de mariages d\u2019enfants de plus que ce qui aurait \u00e9t\u00e9 le cas sans Covid-19.<\/p>\n<p>C\u2019est la marque de cette pand\u00e9mie: ses cons\u00e9quences frappent de fa\u00e7on disproportionn\u00e9e les plus vuln\u00e9rables, creusant les in\u00e9galit\u00e9s de genre, de classe et de race. Alors que le monde vient de c\u00e9l\u00e9brer la\u00a0<a href=\"http:\/\/www.leconomistemaghrebin.com\/2013\/03\/07\/lugtt-en-faveur-de-lelimination-de-toutes-les-formes-de-discrimination-a-legard-des-femmes\/\" target=\"_blank\" rel=\"noopener noreferrer\">Journ\u00e9e internationale des femmes<\/a>, nous devons rappeler que cette situation n\u2019est ni acceptable, ni in\u00e9vitable.<\/p>\n<h2>Qui va payer?<\/h2>\n<p>Partout dans le monde, on a pris conscience du r\u00f4le crucial des services publics tels que les services de sant\u00e9 universels, les soins aux plus \u00e2g\u00e9s et aux enfants, l\u2019\u00e9ducation, mais aussi l\u2019acc\u00e8s \u00e0 l\u2019eau et \u00e0 l\u2019assainissement. Des missions qui reposent majoritairement sur les \u00e9paules des femmes, dans des conditions de travail souvent d\u00e9plorables. Ce sont les premi\u00e8res \u00e0 payer le prix de d\u00e9cennies de coupes budg\u00e9taires et de privatisation des services essentiels.<\/p>\n<p>C\u2019est donc aussi au nom de l\u2019\u00e9galit\u00e9 des sexes que les gouvernements doivent prendre des mesures imm\u00e9diates et \u00e0 long terme pour investir dans les services publics, la protection sociale et les infrastructures.<\/p>\n<p>Toutes ces mesures indispensables ont \u00e9videmment un co\u00fbt, et il s\u2019agit au fond de r\u00e9pondre \u00e0 une question simple: qui va payer? A l\u2019<a href=\"https:\/\/www.icrict.com\/\" target=\"_blank\" rel=\"noopener noreferrer\">ICRICT<\/a>, une commission engag\u00e9e dans la r\u00e9forme du syst\u00e8me fiscal international de mani\u00e8re juste et \u00e9quitable, nous r\u00e9pondons sans ambages qu\u2019il est temps de faire payer les plus riches.<\/p>\n<p>D\u2019autant qu\u2019ils se sont encore enrichis cette derni\u00e8re ann\u00e9e, malgr\u00e9 la pand\u00e9mie, comme l\u2019a montr\u00e9 un\u00a0r\u00e9cent rapport d\u2019Oxfam. Les dix premiers milliardaires du monde \u2013 tous des hommes, sans surprise \u2013 ont vu leur patrimoine augmenter d\u2019un demi-billion de dollars depuis mars 2020. Ce serait largement suffisant pour emp\u00eacher que quiconque sur la plan\u00e8te ne tombe dans la pauvret\u00e9 \u00e0 cause du virus, et pour financer un vaccin contre le Covid-19 pour tous. Cette pand\u00e9mie doit donc marquer un tournant dans l\u2019imposition des plus riches.<\/p>\n<h2>S\u2019attaquer r\u00e9ellement \u00e0 l\u2019\u00e9vasion fiscale<\/h2>\n<p>C\u2019est aussi une occasion de s\u2019attaquer r\u00e9ellement \u00e0 l\u2019\u00e9vasion fiscale des entreprises et de mettre un terme \u00e0 la concurrence fiscale entre les pays. Et nous avons une solution \u00e0 port\u00e9e de main, que serait l\u2019adoption d\u2019un taux effectif minimum d\u2019imposition des soci\u00e9t\u00e9s de 25% au niveau mondial.<\/p>\n<p>Toute multinationale qui affiche ses b\u00e9n\u00e9fices dans un paradis fiscal serait donc impos\u00e9e dans son pays d\u2019origine jusqu\u2019\u00e0 ce taux minimum, elle n\u2019aurait donc plus aucun int\u00e9r\u00eat \u00e0 le faire. Utopique il y a encore quelques semaines, cette mesure est d\u00e9sormais accessible. L\u2019administration Biden assurant vouloir \u00ab tenter de mettre fin \u00e0 ce qui a \u00e9t\u00e9 une course mondiale destructrice au moins disant en mati\u00e8re de d\u2019imp\u00f4ts sur les entreprises \u00bb, pour reprendre les propos de la secr\u00e9taire d\u2019\u00c9tat au Tr\u00e9sor Janet Yellen lors de son audition de confirmation.<\/p>\n<p>L\u2019engagement am\u00e9ricain rendrait possible une r\u00e9forme mondiale pour faire payer aux multinationales et aux plus riches leur juste part d\u2019imp\u00f4ts. Il est essentiel que ces n\u00e9gociations se d\u00e9roulent de la mani\u00e8re la plus transparente et la plus \u00e9galitaire possible, id\u00e9alement au sein de l\u2019ONU, seul forum l\u00e9gitime pour ces discussions.<\/p>\n<p>Aujourd\u2019hui plus que jamais, taxer les plus riches ouvrirait la voie \u00e0 des soci\u00e9t\u00e9s qui font du soin des plus vuln\u00e9rables et de la solidarit\u00e9 une priorit\u00e9. Et cette crise a une fois de plus d\u00e9montr\u00e9 que cela ne sera pas possible sans mettre les droits des femmes au centre de nos valeurs.<\/p>\n<\/div>\n<footer>\n<div class=\"td-post-source-tags\">\n<ul class=\"td-tags td-post-small-box clearfix\">\n<li>leconomistemaghrebin<\/li>\n<\/ul>\n<\/div>\n<\/footer>\n<div class=\"wp-post-author-wrap wp-post-author-shortcode left\">\n<h3 class=\"awpa-title\"\/>\n<div class=\"wp-post-author\">\n<div class=\"awpa-img awpa-author-block square\"><a href=\"http:\/\/lexpertjournal.net\/fr\/?author=5\"><img loading=\"lazy\" decoding=\"async\" alt=\"\" src=\"http:\/\/0.gravatar.com\/avatar\/97f8e10a1c1125ba104a76514ee07b16?s=150&amp;d=mm&amp;r=g\" srcset=\"http:\/\/0.gravatar.com\/avatar\/97f8e10a1c1125ba104a76514ee07b16?s=300&amp;d=mm&amp;r=g 2x\" class=\"avatar avatar-150 photo\" height=\"150\" width=\"150\"\/><\/a><\/div>\n<\/div>\n<\/div>\n<aside class=\"mashsb-container mashsb-main mashsb-stretched\">\n<\/aside>\n<p>Auteur: L&rsquo;expert<br \/>\n<a href=\"http:\/\/lexpertjournal.net\/fr\/?p=19065\">Cliquez ici pour lire l&rsquo;article depuis sa source.<\/a><\/p>\n","protected":false},"excerpt":{"rendered":"<p>Aux \u00c9tats-Unis, c\u2019est la Vice-Pr\u00e9sidente Kamala Harris qui a tir\u00e9 la sonnette d\u2019alarme, fin f\u00e9vrier, en soulignant que 2,5 millions de femmes avaient \u00e9t\u00e9 contraintes de quitter le march\u00e9 du travail depuis le d\u00e9but de la pand\u00e9mie. \u00ab\u00a0Notre \u00e9conomie ne peut pas se redresser sans la pleine participation des femmes, il s\u2019agit d\u2019une urgence nationale\u00a0\u00bb, [&hellip;]<\/p>\n","protected":false},"author":1775,"featured_media":0,"comment_status":"closed","ping_status":"closed","sticky":false,"template":"","format":"standard","meta":{"fifu_image_url":"http:\/\/0.gravatar.com\/avatar\/97f8e10a1c1125ba104a76514ee07b16?s=150&d=mm&r=g","fifu_image_alt":"Taxer les plus riches pour des soci\u00e9t\u00e9s plus solidaires et f\u00e9ministes","footnotes":""},"categories":[78,55],"tags":[],"class_list":["post-112854","post","type-post","status-publish","format-standard","hentry","category-economie","category-tunisie"],"_links":{"self":[{"href":"https:\/\/linitiative.ca\/International\/wp-json\/wp\/v2\/posts\/112854","targetHints":{"allow":["GET"]}}],"collection":[{"href":"https:\/\/linitiative.ca\/International\/wp-json\/wp\/v2\/posts"}],"about":[{"href":"https:\/\/linitiative.ca\/International\/wp-json\/wp\/v2\/types\/post"}],"author":[{"embeddable":true,"href":"https:\/\/linitiative.ca\/International\/wp-json\/wp\/v2\/users\/1775"}],"replies":[{"embeddable":true,"href":"https:\/\/linitiative.ca\/International\/wp-json\/wp\/v2\/comments?post=112854"}],"version-history":[{"count":0,"href":"https:\/\/linitiative.ca\/International\/wp-json\/wp\/v2\/posts\/112854\/revisions"}],"wp:attachment":[{"href":"https:\/\/linitiative.ca\/International\/wp-json\/wp\/v2\/media?parent=112854"}],"wp:term":[{"taxonomy":"category","embeddable":true,"href":"https:\/\/linitiative.ca\/International\/wp-json\/wp\/v2\/categories?post=112854"},{"taxonomy":"post_tag","embeddable":true,"href":"https:\/\/linitiative.ca\/International\/wp-json\/wp\/v2\/tags?post=112854"}],"curies":[{"name":"wp","href":"https:\/\/api.w.org\/{rel}","templated":true}]}}