{"id":112855,"date":"2021-03-10T07:23:49","date_gmt":"2021-03-10T12:23:49","guid":{"rendered":"https:\/\/linitiative.ca\/International\/pollution-de-nos-barrages-tous-responsables-tous-coupables\/"},"modified":"2021-03-10T07:23:49","modified_gmt":"2021-03-10T12:23:49","slug":"pollution-de-nos-barrages-tous-responsables-tous-coupables","status":"publish","type":"post","link":"https:\/\/linitiative.ca\/International\/pollution-de-nos-barrages-tous-responsables-tous-coupables\/","title":{"rendered":"Pollution de nos barrages : tous responsables, tous coupables"},"content":{"rendered":"<h2>L\u2019eau du barrage de Sidi Salem contamin\u00e9e par les eaux us\u00e9es. Une station d\u2019\u00e9puration \u00e0 proximit\u00e9 qui ne fonctionne pas. La couleur sombre de l\u2019eau d\u00e9gage une mauvaise odeur. Tel est le constat gla\u00e7ant du d\u00e9put\u00e9 Badreddine Gammoudi. Et cela donne froid dans le dos.<\/h2>\n<p>Le bon Dieu nous a-t-il condamn\u00e9s \u00e0 boire le calice jusqu\u2019\u00e0 la lie? Apr\u00e8s le scandale des d\u00e9chets toxiques import\u00e9s d\u2019Italie o\u00f9 une mafia sans foi ni loi voulait transformer Carthage en une poubelle \u00e0 ciel ouvert de Rome contre une poign\u00e9e de dollars. Voila aujourd\u2019hui qu\u2019\u00e9clate \u00e0 nos figures une affaire plus naus\u00e9abonde. Des cadavres d\u2019animaux, d\u00e9chets,\u00a0<a href=\"https:\/\/www.leconomistemaghrebin.com\/2019\/11\/01\/eaux-usees-vers-generalisation-traitement-tertiaire-2028\/\" target=\"_blank\" rel=\"noopener noreferrer\">eaux us\u00e9es<\/a>\u00a0mar\u00e2tres qui flottent sur le barrage de Sidi Salem. Lequel n\u2019approvisionne pas moins que la capitale, le Nord-est, la r\u00e9gion du Sahel et Sfax en eau potable. Tout cela au vu et au su de tous, gouverneur, minist\u00e8re de l\u2019Environnement et soci\u00e9t\u00e9 civile y compris. Tous responsables, tous coupables!<\/p>\n<h2>Le pot aux roses<\/h2>\n<p>Et c\u2019est un honorable d\u00e9put\u00e9, Badreddine Gammoudi, pr\u00e9sident de la commission de r\u00e9forme administrative, de bonne gouvernance, et de lutte contre la corruption au Parlement qui a d\u00e9couvert le pot aux roses. \u00ab Le manque de pr\u00e9cipitations a diminu\u00e9 le niveau des eaux du barrage de Sidi Salem. Cela m\u2019a permis de d\u00e9couvrir l\u2019ampleur de la catastrophe. L\u2019odeur et la couleur de l\u2019eau prouvent qu\u2019elle est bel et bien contamin\u00e9e. Non loin du barrage, il y a une station de traitement des eaux us\u00e9es qui verse l\u2019eau directement sans aucune intervention, contaminant ainsi l\u2019eau du barrage \u00bb. C\u2019est le constat qu\u2019il faisait, hier mardi, sur les ondes de\u00a0<em>Midi show<\/em>.<\/p>\n<p>De plus, ajoutait le d\u00e9put\u00e9 qui a post\u00e9 le 5 mars des photos choquantes sur sa page FB \u00ab la station de traitement des eaux us\u00e9es ne fonctionne pas. Cons\u00e9quence? Elle d\u00e9verse ses eaux us\u00e9es et pollu\u00e9es dans le barrage. L\u2019eau a<em>\u00a0<\/em>une couleur sombre et d\u00e9gage une mauvaise odeur. Outre les eaux vers\u00e9es sans traitement, les\u00a0<a href=\"https:\/\/www.leconomistemaghrebin.com\/2019\/07\/01\/pollution-environnementale-dechets-toxiques-oued-meliane\/\" target=\"_blank\" rel=\"noopener noreferrer\">industriels<\/a>\u00a0de la r\u00e9gion ne sont pas surveill\u00e9s\u00a0\u00bb.<\/p>\n<h2>Omerta sur la pollution du barrage<\/h2>\n<p>Bigre! Le malheur c\u2019est que certains \u00e9taient au courant. En effet, \u00ab des rapports datant de 2019 et 2020 prouvent la contamination de l\u2019eau et rien n\u2019a \u00e9t\u00e9 fait. Le probl\u00e8me est le m\u00eame au niveau du barrage Sidi Barrak \u00bb. Ainsi t\u00e9moignait avec effroi et stupeur Badreddine Gammoudi.<\/p>\n<p>Qui est responsable de cette catastrophe \u00e9cologique et sanitaire? \u00ab Le gouverneur de la r\u00e9gion, le d\u00e9l\u00e9gu\u00e9 charg\u00e9 de l\u2019agriculture, le directeur de la station d\u2019assainissement de B\u00e9ja, le ministre de l\u2019Environnement et son homologue de l\u2019Agriculture, le PDG de l\u2019Onas et son homologue de la Sonede \u00bb, r\u00e9pond le d\u00e9put\u00e9.<\/p>\n<p>Et de marteler: \u00ab Les autorit\u00e9s doivent assumer la responsabilit\u00e9 enti\u00e8re. En 2019, un d\u00e9l\u00e9gu\u00e9 de la r\u00e9gion qui a lanc\u00e9 l\u2019alerte sur la d\u00e9gradation de la qualit\u00e9 de l\u2019eau a \u00e9t\u00e9 directement limog\u00e9 \u00bb. Voila comment on t\u00e9moigne sa reconnaissance \u00e0 un fonctionnaire qui n\u2019a fait que son devoir. Dans quel monde vivons-nous? C\u2019est triste et affligeant.<\/p>\n<h2>R\u00e9action officielle tardive<\/h2>\n<p>A noter que le chef du gouvernement Hichem Mechichi a fini par r\u00e9agir en chargeant lundi 8 mars 2021, le ministre des Affaires locales et de l\u2019environnement et le ministre de l\u2019Agriculture, tous les deux int\u00e9rimaires, de pr\u00e9senter un rapport sur la pollution des eaux du barrage de Sidi Salem. Et ce, \u00ab dans un d\u00e9lai ne d\u00e9passant pas les 48 heures et de faire porter la responsabilit\u00e9 juridique aux personnes impliqu\u00e9es; au cas o\u00f9 leur implication dans ce scandale serait av\u00e9r\u00e9e \u00bb. Il y a urgence.<\/p>\n<p>En plus du d\u00e9sagr\u00e9able arri\u00e8re-go\u00fbt de l\u2019eau du robinet que nous utilisons quotidiennement pour notre caf\u00e9 du matin, pour se doucher ou faire la lessive, sans oublier la couleur douteuse de l\u2019eau, exc\u00e8s de clore oblige, il s\u2019av\u00e8re que l\u2019eau de robinet est intoxiqu\u00e9e par des eaux us\u00e9es.<\/p>\n<p>Pauvre de nous.<\/p>\n<p>leconomistemaghrebin<\/p>\n<div class=\"wp-post-author-wrap wp-post-author-shortcode left\">\n<h3 class=\"awpa-title\"\/>\n<div class=\"wp-post-author\">\n<div class=\"awpa-img awpa-author-block square\"><a href=\"http:\/\/lexpertjournal.net\/fr\/?author=5\"><img loading=\"lazy\" decoding=\"async\" alt=\"\" src=\"http:\/\/0.gravatar.com\/avatar\/97f8e10a1c1125ba104a76514ee07b16?s=150&amp;d=mm&amp;r=g\" srcset=\"http:\/\/0.gravatar.com\/avatar\/97f8e10a1c1125ba104a76514ee07b16?s=300&amp;d=mm&amp;r=g 2x\" class=\"avatar avatar-150 photo\" height=\"150\" width=\"150\"\/><\/a><\/div>\n<\/div>\n<\/div>\n<aside class=\"mashsb-container mashsb-main mashsb-stretched\">\n<\/aside>\n<p>Auteur: L&rsquo;expert<br \/>\n<a href=\"http:\/\/lexpertjournal.net\/fr\/?p=19068\">Cliquez ici pour lire l&rsquo;article depuis sa source.<\/a><\/p>\n","protected":false},"excerpt":{"rendered":"<p>L\u2019eau du barrage de Sidi Salem contamin\u00e9e par les eaux us\u00e9es. Une station d\u2019\u00e9puration \u00e0 proximit\u00e9 qui ne fonctionne pas. La couleur sombre de l\u2019eau d\u00e9gage une mauvaise odeur. Tel est le constat gla\u00e7ant du d\u00e9put\u00e9 Badreddine Gammoudi. Et cela donne froid dans le dos. Le bon Dieu nous a-t-il condamn\u00e9s \u00e0 boire le calice [&hellip;]<\/p>\n","protected":false},"author":1775,"featured_media":0,"comment_status":"closed","ping_status":"closed","sticky":false,"template":"","format":"standard","meta":{"fifu_image_url":"http:\/\/0.gravatar.com\/avatar\/97f8e10a1c1125ba104a76514ee07b16?s=150&d=mm&r=g","fifu_image_alt":"Pollution de nos barrages : tous responsables, tous coupables","footnotes":""},"categories":[78,55],"tags":[],"class_list":["post-112855","post","type-post","status-publish","format-standard","hentry","category-economie","category-tunisie"],"_links":{"self":[{"href":"https:\/\/linitiative.ca\/International\/wp-json\/wp\/v2\/posts\/112855","targetHints":{"allow":["GET"]}}],"collection":[{"href":"https:\/\/linitiative.ca\/International\/wp-json\/wp\/v2\/posts"}],"about":[{"href":"https:\/\/linitiative.ca\/International\/wp-json\/wp\/v2\/types\/post"}],"author":[{"embeddable":true,"href":"https:\/\/linitiative.ca\/International\/wp-json\/wp\/v2\/users\/1775"}],"replies":[{"embeddable":true,"href":"https:\/\/linitiative.ca\/International\/wp-json\/wp\/v2\/comments?post=112855"}],"version-history":[{"count":0,"href":"https:\/\/linitiative.ca\/International\/wp-json\/wp\/v2\/posts\/112855\/revisions"}],"wp:attachment":[{"href":"https:\/\/linitiative.ca\/International\/wp-json\/wp\/v2\/media?parent=112855"}],"wp:term":[{"taxonomy":"category","embeddable":true,"href":"https:\/\/linitiative.ca\/International\/wp-json\/wp\/v2\/categories?post=112855"},{"taxonomy":"post_tag","embeddable":true,"href":"https:\/\/linitiative.ca\/International\/wp-json\/wp\/v2\/tags?post=112855"}],"curies":[{"name":"wp","href":"https:\/\/api.w.org\/{rel}","templated":true}]}}