{"id":112856,"date":"2021-03-10T07:28:11","date_gmt":"2021-03-10T12:28:11","guid":{"rendered":"https:\/\/linitiative.ca\/International\/les-medecins-pharmaciens-et-dentistes-hospitalo-universitaires-reprennent-leurs-activites\/"},"modified":"2021-03-10T07:28:11","modified_gmt":"2021-03-10T12:28:11","slug":"les-medecins-pharmaciens-et-dentistes-hospitalo-universitaires-reprennent-leurs-activites","status":"publish","type":"post","link":"https:\/\/linitiative.ca\/International\/les-medecins-pharmaciens-et-dentistes-hospitalo-universitaires-reprennent-leurs-activites\/","title":{"rendered":"Les m\u00e9decins, pharmaciens et dentistes hospitalo-universitaires reprennent leurs activit\u00e9s"},"content":{"rendered":"<h2>Le\u00a0<a href=\"https:\/\/www.facebook.com\/groups\/165377013557529\" target=\"_blank\" rel=\"noopener noreferrer\">Syndicat des m\u00e9decins, dentistes et pharmaciens hospitalo<\/a>-universitaires relevant de l\u2019Union g\u00e9n\u00e9rale tunisienne du travail (UGTT) annonce la reprise. Et ce, de toutes les activit\u00e9s universitaires suspendues depuis le 03 f\u00e9vrier 2021, pour ce mercredi.<\/h2>\n<p>Le syndicat a soulign\u00e9 que cette d\u00e9cision intervient apr\u00e8s la publication des d\u00e9crets d\u2019application relatifs \u00e0 la convention du 6 octobre 2020. Il s\u2019exprimait ainsi dans un communiqu\u00e9 publi\u00e9 mardi soir. En effet, cette publication pr\u00e9voit notamment la cr\u00e9ation d\u2019une prime d\u2019enseignement au profit des diff\u00e9rents corps hospitalo-universitaires relevant du\u00a0<a href=\"http:\/\/www.leconomistemaghrebin.com\/2021\/03\/09\/vaccination-anti-covid-19-tunisie-lancee-samedi-13-mars\/\" target=\"_blank\" rel=\"noopener noreferrer\">minist\u00e8re de la Sant\u00e9<\/a>.<\/p>\n<p>En outre, il s\u2019agit, \u00e9galement, de la cr\u00e9ation d\u2019une prime de la rentr\u00e9e universitaire. De m\u00eame que de l\u2019augmentation de la prime d\u2019encadrement et de recherche octroy\u00e9e aux professeurs conf\u00e9renciers agr\u00e9g\u00e9s et aux assistants. Outre le parach\u00e8vement du d\u00e9cret relatif \u00e0 l\u2019\u00e9laboration du statut des dentistes et des pharmaciens hospitalo-universitaires.<\/p>\n<p>Ainsi, ce d\u00e9blocage de la situation intervient au moment opportun. Sachant que les \u00e9tudiants des facult\u00e9s de m\u00e9decine, de m\u00e9decine dentaire et de pharmacie \u00e0 travers tous le pays redoutaient le spectre d\u2019une ann\u00e9e blanche. Si le mouvement de protestation des m\u00e9decins, pharmaciens et dentistes hospitalo-universitaires se poursuivait.<\/p>\n<p><em>Avec TAP<\/em><\/p>\n<div class=\"wp-post-author-wrap wp-post-author-shortcode left\">\n<h3 class=\"awpa-title\"\/>\n<div class=\"wp-post-author\">\n<div class=\"awpa-img awpa-author-block square\"><a href=\"http:\/\/lexpertjournal.net\/fr\/?author=5\"><img loading=\"lazy\" decoding=\"async\" alt=\"\" src=\"http:\/\/0.gravatar.com\/avatar\/97f8e10a1c1125ba104a76514ee07b16?s=150&amp;d=mm&amp;r=g\" srcset=\"http:\/\/0.gravatar.com\/avatar\/97f8e10a1c1125ba104a76514ee07b16?s=300&amp;d=mm&amp;r=g 2x\" class=\"avatar avatar-150 photo\" height=\"150\" width=\"150\"\/><\/a><\/div>\n<\/div>\n<\/div>\n<aside class=\"mashsb-container mashsb-main mashsb-stretched\">\n<\/aside>\n<p>Auteur: L&rsquo;expert<br \/>\n<a href=\"http:\/\/lexpertjournal.net\/fr\/?p=19071\">Cliquez ici pour lire l&rsquo;article depuis sa source.<\/a><\/p>\n","protected":false},"excerpt":{"rendered":"<p>Le\u00a0Syndicat des m\u00e9decins, dentistes et pharmaciens hospitalo-universitaires relevant de l\u2019Union g\u00e9n\u00e9rale tunisienne du travail (UGTT) annonce la reprise. Et ce, de toutes les activit\u00e9s universitaires suspendues depuis le 03 f\u00e9vrier 2021, pour ce mercredi. Le syndicat a soulign\u00e9 que cette d\u00e9cision intervient apr\u00e8s la publication des d\u00e9crets d\u2019application relatifs \u00e0 la convention du 6 octobre [&hellip;]<\/p>\n","protected":false},"author":1775,"featured_media":0,"comment_status":"closed","ping_status":"closed","sticky":false,"template":"","format":"standard","meta":{"fifu_image_url":"http:\/\/0.gravatar.com\/avatar\/97f8e10a1c1125ba104a76514ee07b16?s=150&d=mm&r=g","fifu_image_alt":"Les m\u00e9decins, pharmaciens et dentistes hospitalo-universitaires reprennent leurs activit\u00e9s","footnotes":""},"categories":[78,55],"tags":[],"class_list":["post-112856","post","type-post","status-publish","format-standard","hentry","category-economie","category-tunisie"],"_links":{"self":[{"href":"https:\/\/linitiative.ca\/International\/wp-json\/wp\/v2\/posts\/112856","targetHints":{"allow":["GET"]}}],"collection":[{"href":"https:\/\/linitiative.ca\/International\/wp-json\/wp\/v2\/posts"}],"about":[{"href":"https:\/\/linitiative.ca\/International\/wp-json\/wp\/v2\/types\/post"}],"author":[{"embeddable":true,"href":"https:\/\/linitiative.ca\/International\/wp-json\/wp\/v2\/users\/1775"}],"replies":[{"embeddable":true,"href":"https:\/\/linitiative.ca\/International\/wp-json\/wp\/v2\/comments?post=112856"}],"version-history":[{"count":0,"href":"https:\/\/linitiative.ca\/International\/wp-json\/wp\/v2\/posts\/112856\/revisions"}],"wp:attachment":[{"href":"https:\/\/linitiative.ca\/International\/wp-json\/wp\/v2\/media?parent=112856"}],"wp:term":[{"taxonomy":"category","embeddable":true,"href":"https:\/\/linitiative.ca\/International\/wp-json\/wp\/v2\/categories?post=112856"},{"taxonomy":"post_tag","embeddable":true,"href":"https:\/\/linitiative.ca\/International\/wp-json\/wp\/v2\/tags?post=112856"}],"curies":[{"name":"wp","href":"https:\/\/api.w.org\/{rel}","templated":true}]}}