{"id":112859,"date":"2021-03-10T04:30:00","date_gmt":"2021-03-10T09:30:00","guid":{"rendered":"https:\/\/linitiative.ca\/International\/les-travailleurs-du-programme-dinsertion-des-diplomes-protestent\/"},"modified":"2021-03-10T04:30:00","modified_gmt":"2021-03-10T09:30:00","slug":"les-travailleurs-du-programme-dinsertion-des-diplomes-protestent","status":"publish","type":"post","link":"https:\/\/linitiative.ca\/International\/les-travailleurs-du-programme-dinsertion-des-diplomes-protestent\/","title":{"rendered":"Les travailleurs du programme d\u2019insertion des dipl\u00f4m\u00e9s protestent"},"content":{"rendered":"<div id=\"originalText\" readability=\"92\">\n<p>Des dizaines de jeunes employ\u00e9s dans le cadre du Programme d\u2019insertion des dipl\u00f4m\u00e9s (PID) et du Dispositif de l\u2019activit\u00e9 de l\u2019insertion sociale (Dais), mis en place par la Direction de l\u2019action sociale et de la solidarit\u00e9 (Dass) et dont les contrats sont arriv\u00e9s \u00e0 expiration avant 2019, ont manifest\u00e9, hier, devant le si\u00e8ge de la wilaya de Tizi Ouzou.<\/p>\n<p>\u00c0 travers cette action de protestation, ces d\u00e9sormais ex-travailleurs ont demand\u00e9, notamment, le renouvellement de leurs contrats de travail dans le cadre des diff\u00e9rents dispositifs de l\u2019agence de l\u2019emploi Anem, et non de la Dass, ainsi que l\u2019int\u00e9gration des travailleurs remplissant les conditions exig\u00e9es dans des postes d\u2019emploi permanents.<\/p>\n<p>\u201cO\u00f9 sont nos droits ?\u201d et \u201cNous demandons notre r\u00e9int\u00e9gration\u201d, lit-on sur des pancartes brandies par les manifestants qui ont affirm\u00e9 avoir saisi, \u00e0 ce sujet, les autorit\u00e9s \u00e0 tous les niveaux. En vain. \u201cNous avons m\u00eame rencontr\u00e9 le m\u00e9diateur de la R\u00e9publique, Karim Youn\u00e8s. Celui-ci nous a promis de saisir qui de droit, mais \u00e0 ce jour, il n\u2019y a aucune suite\u201d, nous dira une manifestante.<\/p>\n<p>\u201cNous avons \u00e9t\u00e9 aussi re\u00e7us par le wali, mais encore une fois, aucune solution n\u2019a \u00e9t\u00e9 adopt\u00e9e\u201d, a ajout\u00e9 notre interlocutrice. \u201cNous vivons une situation aberrante. Personnellement, j\u2019ai travaill\u00e9 durant 17 ans \u00e0 l\u2019APC de Beni Douala, pour me retrouver, finalement, sans emploi.<\/p>\n<p>Quelle justice pour tous ces travailleurs dont les contrats ont pris fin apr\u00e8s des ann\u00e9es de travail dans des administrations publiques ?\u201d, a t\u00e9moign\u00e9 une autre manifestante.<\/p>\n<p>Comme elle, certains de ces travailleurs accumulent des ann\u00e9es de travail dans les administrations publiques avant de se retrouver en fin de contrat et sans emploi.<\/p>\n<p>\u201cUn arr\u00eat\u00e9 interminist\u00e9riel, fixant les modalit\u00e9s d\u2019int\u00e9gration des pr\u00e9-emplois existe, mais malheureusement, nous ne sommes pas concern\u00e9s par cette mesure car nos contrats sont arriv\u00e9s \u00e0 terme avant cette d\u00e9cision, en 2019\u201d, a, en dernier, regrett\u00e9 notre interlocutrice.\u00a0<br \/>\u00a0<\/p>\n<p class=\"c6\"><strong>K. TIGHILT<\/strong><\/p>\n<\/div>\n<div id=\"text_core\" readability=\"92\">\n<p>Des dizaines de jeunes employ\u00e9s dans le cadre du Programme d\u2019insertion des dipl\u00f4m\u00e9s (PID) et du Dispositif de l\u2019activit\u00e9 de l\u2019insertion sociale (Dais), mis en place par la Direction de l\u2019action sociale et de la solidarit\u00e9 (Dass) et dont les contrats sont arriv\u00e9s \u00e0 expiration avant 2019, ont manifest\u00e9, hier, devant le si\u00e8ge de la wilaya de Tizi Ouzou.<\/p>\n<p>\u00c0 travers cette action de protestation, ces d\u00e9sormais ex-travailleurs ont demand\u00e9, notamment, le renouvellement de leurs contrats de travail dans le cadre des diff\u00e9rents dispositifs de l\u2019agence de l\u2019emploi Anem, et non de la Dass, ainsi que l\u2019int\u00e9gration des travailleurs remplissant les conditions exig\u00e9es dans des postes d\u2019emploi permanents.<\/p>\n<p>\u201cO\u00f9 sont nos droits ?\u201d et \u201cNous demandons notre r\u00e9int\u00e9gration\u201d, lit-on sur des pancartes brandies par les manifestants qui ont affirm\u00e9 avoir saisi, \u00e0 ce sujet, les autorit\u00e9s \u00e0 tous les niveaux. En vain. \u201cNous avons m\u00eame rencontr\u00e9 le m\u00e9diateur de la R\u00e9publique, Karim Youn\u00e8s. Celui-ci nous a promis de saisir qui de droit, mais \u00e0 ce jour, il n\u2019y a aucune suite\u201d, nous dira une manifestante.<\/p>\n<p>\u201cNous avons \u00e9t\u00e9 aussi re\u00e7us par le wali, mais encore une fois, aucune solution n\u2019a \u00e9t\u00e9 adopt\u00e9e\u201d, a ajout\u00e9 notre interlocutrice. \u201cNous vivons une situation aberrante. Personnellement, j\u2019ai travaill\u00e9 durant 17 ans \u00e0 l\u2019APC de Beni Douala, pour me retrouver, finalement, sans emploi.<\/p>\n<p>Quelle justice pour tous ces travailleurs dont les contrats ont pris fin apr\u00e8s des ann\u00e9es de travail dans des administrations publiques ?\u201d, a t\u00e9moign\u00e9 une autre manifestante.<\/p>\n<p>Comme elle, certains de ces travailleurs accumulent des ann\u00e9es de travail dans les administrations publiques avant de se retrouver en fin de contrat et sans emploi.<\/p>\n<p>\u201cUn arr\u00eat\u00e9 interminist\u00e9riel, fixant les modalit\u00e9s d\u2019int\u00e9gration des pr\u00e9-emplois existe, mais malheureusement, nous ne sommes pas concern\u00e9s par cette mesure car nos contrats sont arriv\u00e9s \u00e0 terme avant cette d\u00e9cision, en 2019\u201d, a, en dernier, regrett\u00e9 notre interlocutrice.\u00a0<br \/>\u00a0<\/p>\n<p class=\"c6\"><strong>K. TIGHILT<\/strong><\/p>\n<\/div>\n<p>Auteur:<br \/>\n<a href=\"https:\/\/www.liberte-algerie.com\/actualite\/les-travailleurs-du-programme-dinsertion-des-diplomes-protestent-355329\">Cliquez ici pour lire l&rsquo;article depuis sa source.<\/a><\/p>\n","protected":false},"excerpt":{"rendered":"<p>Des dizaines de jeunes employ\u00e9s dans le cadre du Programme d\u2019insertion des dipl\u00f4m\u00e9s (PID) et du Dispositif de l\u2019activit\u00e9 de l\u2019insertion sociale (Dais), mis en place par la Direction de l\u2019action sociale et de la solidarit\u00e9 (Dass) et dont les contrats sont arriv\u00e9s \u00e0 expiration avant 2019, ont manifest\u00e9, hier, devant le si\u00e8ge de la [&hellip;]<\/p>\n","protected":false},"author":1742,"featured_media":0,"comment_status":"closed","ping_status":"closed","sticky":false,"template":"","format":"standard","meta":{"fifu_image_url":"","fifu_image_alt":"","footnotes":""},"categories":[73,53],"tags":[],"class_list":["post-112859","post","type-post","status-publish","format-standard","hentry","category-actualite","category-algerie"],"_links":{"self":[{"href":"https:\/\/linitiative.ca\/International\/wp-json\/wp\/v2\/posts\/112859","targetHints":{"allow":["GET"]}}],"collection":[{"href":"https:\/\/linitiative.ca\/International\/wp-json\/wp\/v2\/posts"}],"about":[{"href":"https:\/\/linitiative.ca\/International\/wp-json\/wp\/v2\/types\/post"}],"author":[{"embeddable":true,"href":"https:\/\/linitiative.ca\/International\/wp-json\/wp\/v2\/users\/1742"}],"replies":[{"embeddable":true,"href":"https:\/\/linitiative.ca\/International\/wp-json\/wp\/v2\/comments?post=112859"}],"version-history":[{"count":0,"href":"https:\/\/linitiative.ca\/International\/wp-json\/wp\/v2\/posts\/112859\/revisions"}],"wp:attachment":[{"href":"https:\/\/linitiative.ca\/International\/wp-json\/wp\/v2\/media?parent=112859"}],"wp:term":[{"taxonomy":"category","embeddable":true,"href":"https:\/\/linitiative.ca\/International\/wp-json\/wp\/v2\/categories?post=112859"},{"taxonomy":"post_tag","embeddable":true,"href":"https:\/\/linitiative.ca\/International\/wp-json\/wp\/v2\/tags?post=112859"}],"curies":[{"name":"wp","href":"https:\/\/api.w.org\/{rel}","templated":true}]}}