{"id":112860,"date":"2021-03-10T04:30:00","date_gmt":"2021-03-10T09:30:00","guid":{"rendered":"https:\/\/linitiative.ca\/International\/sit-in-des-conseillers-de-leducation\/"},"modified":"2021-03-10T04:30:00","modified_gmt":"2021-03-10T09:30:00","slug":"sit-in-des-conseillers-de-leducation","status":"publish","type":"post","link":"https:\/\/linitiative.ca\/International\/sit-in-des-conseillers-de-leducation\/","title":{"rendered":"Sit-in des conseillers de l\u2019\u00e9ducation"},"content":{"rendered":"<div id=\"originalText\" readability=\"68\">\n<p>Les employ\u00e9s affili\u00e9s au conseil de wilaya du Syndicat national autonome des conseillers de l\u2019\u00e9ducation\u00a0 (Snace) ont organis\u00e9, hier, un sit-in devant le si\u00e8ge de la\u00a0 direction\u00a0 de\u00a0 l\u2019\u00e9ducation\u00a0 pour\u00a0 exiger\u00a0 la\u00a0 reconnaissance\u00a0 et la prise en charge de leurs revendications socioprofessionnelles par leur tutelle.<\/p>\n<p>Dans le cadre de leur plateforme de revendications, les conseillers de l\u2019\u00e9ducation avancent l\u2019obligation du b\u00e9n\u00e9fice du logement de fonction dans tous les \u00e9tablissements de la wilaya, ainsi que la possibilit\u00e9 de la mutation administrative sans avis pr\u00e9alable du directeur de l\u2019\u00e9tablissement.<\/p>\n<p>Des\u00a0 \u00e9criteaux\u00a0 portant\u00a0 divers\u00a0 slogans\u00a0 ont\u00a0 \u00e9t\u00e9\u00a0 brandis,\u00a0 reprenant\u00a0 les revendications contenues dans la plateforme adress\u00e9e aux autorit\u00e9s de tutelle, notamment<\/p>\n<p>\u201c La\u00a0 n\u00e9cessit\u00e9\u00a0 de\u00a0 la\u00a0 formation\u00a0 du\u00a0 conseiller\u201d\u00a0 et\u00a0 plus\u00a0 particuli\u00e8rement des nouvelles recrues. Concernant la r\u00e9mun\u00e9ration et les avantages annexes, les protestataires demandent l\u2019acc\u00e9l\u00e9ration des proc\u00e9dures du r\u00e8glement de leurs arri\u00e9r\u00e9s de paiement et les instances de r\u00e9gularisation de tous les cas administratifs relatifs \u00e0 leur carri\u00e8re.<\/p>\n<p>Autre revendication avanc\u00e9e par les contestataires, l\u2019autorisation des conseillers \u00e0 participer au mouvement annuel touchant leur corps, notamment le passage du cycle moyen au cycle secondaire, conform\u00e9ment \u00e0 la circulaire du 26 d\u00e9cembre 1996 portant mouvement annuel des fonctionnaires.<\/p>\n<p>En outre, la r\u00e9vision de la classification indiciaire et la promotion au poste de directeur de CEM figurent parmi les points soulev\u00e9s par les conseillers, qui consid\u00e8rent qu\u2019ils sont l\u00e9s\u00e9s par rapport aux autres cat\u00e9gories similaires de l\u2019\u00e9ducation.<br \/>\u00a0<\/p>\n<p class=\"c6\"><strong>M. EL BEY<\/strong><\/p>\n<\/div>\n<div id=\"text_core\" readability=\"68\">\n<p>Les employ\u00e9s affili\u00e9s au conseil de wilaya du Syndicat national autonome des conseillers de l\u2019\u00e9ducation\u00a0 (Snace) ont organis\u00e9, hier, un sit-in devant le si\u00e8ge de la\u00a0 direction\u00a0 de\u00a0 l\u2019\u00e9ducation\u00a0 pour\u00a0 exiger\u00a0 la\u00a0 reconnaissance\u00a0 et la prise en charge de leurs revendications socioprofessionnelles par leur tutelle.<\/p>\n<p>Dans le cadre de leur plateforme de revendications, les conseillers de l\u2019\u00e9ducation avancent l\u2019obligation du b\u00e9n\u00e9fice du logement de fonction dans tous les \u00e9tablissements de la wilaya, ainsi que la possibilit\u00e9 de la mutation administrative sans avis pr\u00e9alable du directeur de l\u2019\u00e9tablissement.<\/p>\n<p>Des\u00a0 \u00e9criteaux\u00a0 portant\u00a0 divers\u00a0 slogans\u00a0 ont\u00a0 \u00e9t\u00e9\u00a0 brandis,\u00a0 reprenant\u00a0 les revendications contenues dans la plateforme adress\u00e9e aux autorit\u00e9s de tutelle, notamment<\/p>\n<p>\u201c La\u00a0 n\u00e9cessit\u00e9\u00a0 de\u00a0 la\u00a0 formation\u00a0 du\u00a0 conseiller\u201d\u00a0 et\u00a0 plus\u00a0 particuli\u00e8rement des nouvelles recrues. Concernant la r\u00e9mun\u00e9ration et les avantages annexes, les protestataires demandent l\u2019acc\u00e9l\u00e9ration des proc\u00e9dures du r\u00e8glement de leurs arri\u00e9r\u00e9s de paiement et les instances de r\u00e9gularisation de tous les cas administratifs relatifs \u00e0 leur carri\u00e8re.<\/p>\n<p>Autre revendication avanc\u00e9e par les contestataires, l\u2019autorisation des conseillers \u00e0 participer au mouvement annuel touchant leur corps, notamment le passage du cycle moyen au cycle secondaire, conform\u00e9ment \u00e0 la circulaire du 26 d\u00e9cembre 1996 portant mouvement annuel des fonctionnaires.<\/p>\n<p>En outre, la r\u00e9vision de la classification indiciaire et la promotion au poste de directeur de CEM figurent parmi les points soulev\u00e9s par les conseillers, qui consid\u00e8rent qu\u2019ils sont l\u00e9s\u00e9s par rapport aux autres cat\u00e9gories similaires de l\u2019\u00e9ducation.<br \/>\u00a0<\/p>\n<p class=\"c6\"><strong>M. EL BEY<\/strong><\/p>\n<\/div>\n<p>Auteur:<br \/>\n<a href=\"https:\/\/www.liberte-algerie.com\/actualite\/sit-in-des-conseillers-de-leducation-355328\">Cliquez ici pour lire l&rsquo;article depuis sa source.<\/a><\/p>\n","protected":false},"excerpt":{"rendered":"<p>Les employ\u00e9s affili\u00e9s au conseil de wilaya du Syndicat national autonome des conseillers de l\u2019\u00e9ducation\u00a0 (Snace) ont organis\u00e9, hier, un sit-in devant le si\u00e8ge de la\u00a0 direction\u00a0 de\u00a0 l\u2019\u00e9ducation\u00a0 pour\u00a0 exiger\u00a0 la\u00a0 reconnaissance\u00a0 et la prise en charge de leurs revendications socioprofessionnelles par leur tutelle. Dans le cadre de leur plateforme de revendications, les conseillers [&hellip;]<\/p>\n","protected":false},"author":1742,"featured_media":0,"comment_status":"closed","ping_status":"closed","sticky":false,"template":"","format":"standard","meta":{"fifu_image_url":"","fifu_image_alt":"","footnotes":""},"categories":[73,53],"tags":[],"class_list":["post-112860","post","type-post","status-publish","format-standard","hentry","category-actualite","category-algerie"],"_links":{"self":[{"href":"https:\/\/linitiative.ca\/International\/wp-json\/wp\/v2\/posts\/112860","targetHints":{"allow":["GET"]}}],"collection":[{"href":"https:\/\/linitiative.ca\/International\/wp-json\/wp\/v2\/posts"}],"about":[{"href":"https:\/\/linitiative.ca\/International\/wp-json\/wp\/v2\/types\/post"}],"author":[{"embeddable":true,"href":"https:\/\/linitiative.ca\/International\/wp-json\/wp\/v2\/users\/1742"}],"replies":[{"embeddable":true,"href":"https:\/\/linitiative.ca\/International\/wp-json\/wp\/v2\/comments?post=112860"}],"version-history":[{"count":0,"href":"https:\/\/linitiative.ca\/International\/wp-json\/wp\/v2\/posts\/112860\/revisions"}],"wp:attachment":[{"href":"https:\/\/linitiative.ca\/International\/wp-json\/wp\/v2\/media?parent=112860"}],"wp:term":[{"taxonomy":"category","embeddable":true,"href":"https:\/\/linitiative.ca\/International\/wp-json\/wp\/v2\/categories?post=112860"},{"taxonomy":"post_tag","embeddable":true,"href":"https:\/\/linitiative.ca\/International\/wp-json\/wp\/v2\/tags?post=112860"}],"curies":[{"name":"wp","href":"https:\/\/api.w.org\/{rel}","templated":true}]}}