{"id":112863,"date":"2021-03-10T04:37:05","date_gmt":"2021-03-10T09:37:05","guid":{"rendered":"https:\/\/linitiative.ca\/International\/previsions-meteorologiques-pour-le-mercredi\/"},"modified":"2021-03-10T04:37:05","modified_gmt":"2021-03-10T09:37:05","slug":"previsions-meteorologiques-pour-le-mercredi","status":"publish","type":"post","link":"https:\/\/linitiative.ca\/International\/previsions-meteorologiques-pour-le-mercredi\/","title":{"rendered":"Pr\u00e9visions m\u00e9t\u00e9orologiques pour le mercredi"},"content":{"rendered":"<div readability=\"34\">\n<p>Voici les pr\u00e9visions m\u00e9t\u00e9orologiques pour la journ\u00e9e du mercredi 10 mars 2021, \u00e9tablies par la Direction g\u00e9n\u00e9rale de la m\u00e9t\u00e9orologie:<\/p>\n<\/div>\n<div readability=\"82\">\n<p>\u2013 Ciel passag\u00e8rement \u00e0 souvent nuageux avec faibles pluies \u00e9parses sur le Nord de l\u2019Oriental et l\u2019Est de la M\u00e9diterran\u00e9e.<\/p>\n<p>\u2013 Temps peu \u00e0 passag\u00e8rement nuageux sur le Haut et le Moyen Atlas, le Rif et le sud de l\u2019Oriental avec gouttes \u00e9parses par endroits.<\/p>\n<p>\u2013 Temps stable et ciel clair \u00e0 peu nuageux ailleurs.<\/p>\n<p>\u2013 Formations brumeuses matinales et nocturnes par endroits sur les c\u00f4tes et les plaines Nord et centre.<\/p>\n<p>\u2013 Temps assez froid sur les reliefs, les plateaux des phosphates et d\u2019Oulm\u00e8s et sur l\u2019Oriental.<\/p>\n<p>\u2013 Chasse-sables fr\u00e9quentes sur le Sud de l\u2019Oriental, le Sud-Est et les provinces Sud.<\/p>\n<p>\u2013 Rafales de vent assez fortes sur le Sud de l\u2019Oriental, le Sud-Est, les c\u00f4tes Centres et le Sud du pays.<\/p>\n<p>\u2013 Temp\u00e9ratures minimales de l\u2019ordre de -04\/02\u00b0C sur les reliefs, 03\/09\u00b0C sur l\u2019Oriental, le Saiss, les plateaux des phosphates et d\u2019Oulm\u00e8s, le Sud-Est et les plaines Nord et Centre, 09\/13\u00b0C sur la M\u00e9diterran\u00e9e, les c\u00f4tes Nord et Centre, 08\/13\u00b0C sur le Souss, le Nord-Est des provinces Sud et de 12\/16\u00b0C ailleurs sur le Sud.<\/p>\n<p>\u2013 Temp\u00e9ratures maximales de l\u2019ordre de 09\/14\u00b0C sur l\u2019Atlas, le Rif et l\u2019Oriental, 14\/19\u00b0C sur le Saiss, les Plateaux de Phosphates, Oulm\u00e8s, les versants Sud-Est et la M\u00e9diterran\u00e9e; 18\/23\u00b0C sur les plaines Nord et Centre, 20\/25\u00b0C sur le Souss et le Nord des provinces Sud et de 24\/29\u00b0C sur l\u2019extr\u00eame Sud.<\/p>\n<p>\u2013 Mer belle \u00e0 peu agit\u00e9e sur la M\u00e9diterran\u00e9e et le D\u00e9troit, peu agit\u00e9e \u00e0 agit\u00e9e sur les c\u00f4tes atlantiques au nord de Safi et agit\u00e9e \u00e0 forte ailleurs.<\/p>\n<\/div>\n<p>Auteur: Mohammed KOURSI<br \/>\n<a href=\"http:\/\/www.mapmarrakech.ma\/fr\/previsions-meteorologiques-pour-le-mercredi\/\">Cliquez ici pour lire l&rsquo;article depuis sa source.<\/a><\/p>\n","protected":false},"excerpt":{"rendered":"<p>Voici les pr\u00e9visions m\u00e9t\u00e9orologiques pour la journ\u00e9e du mercredi 10 mars 2021, \u00e9tablies par la Direction g\u00e9n\u00e9rale de la m\u00e9t\u00e9orologie: \u2013 Ciel passag\u00e8rement \u00e0 souvent nuageux avec faibles pluies \u00e9parses sur le Nord de l\u2019Oriental et l\u2019Est de la M\u00e9diterran\u00e9e. \u2013 Temps peu \u00e0 passag\u00e8rement nuageux sur le Haut et le Moyen Atlas, le Rif [&hellip;]<\/p>\n","protected":false},"author":1788,"featured_media":0,"comment_status":"closed","ping_status":"closed","sticky":false,"template":"","format":"standard","meta":{"fifu_image_url":"","fifu_image_alt":"","footnotes":""},"categories":[54,76],"tags":[],"class_list":["post-112863","post","type-post","status-publish","format-standard","hentry","category-maroc","category-regions"],"_links":{"self":[{"href":"https:\/\/linitiative.ca\/International\/wp-json\/wp\/v2\/posts\/112863","targetHints":{"allow":["GET"]}}],"collection":[{"href":"https:\/\/linitiative.ca\/International\/wp-json\/wp\/v2\/posts"}],"about":[{"href":"https:\/\/linitiative.ca\/International\/wp-json\/wp\/v2\/types\/post"}],"author":[{"embeddable":true,"href":"https:\/\/linitiative.ca\/International\/wp-json\/wp\/v2\/users\/1788"}],"replies":[{"embeddable":true,"href":"https:\/\/linitiative.ca\/International\/wp-json\/wp\/v2\/comments?post=112863"}],"version-history":[{"count":0,"href":"https:\/\/linitiative.ca\/International\/wp-json\/wp\/v2\/posts\/112863\/revisions"}],"wp:attachment":[{"href":"https:\/\/linitiative.ca\/International\/wp-json\/wp\/v2\/media?parent=112863"}],"wp:term":[{"taxonomy":"category","embeddable":true,"href":"https:\/\/linitiative.ca\/International\/wp-json\/wp\/v2\/categories?post=112863"},{"taxonomy":"post_tag","embeddable":true,"href":"https:\/\/linitiative.ca\/International\/wp-json\/wp\/v2\/tags?post=112863"}],"curies":[{"name":"wp","href":"https:\/\/api.w.org\/{rel}","templated":true}]}}