{"id":112864,"date":"2021-03-10T06:04:47","date_gmt":"2021-03-10T11:04:47","guid":{"rendered":"https:\/\/linitiative.ca\/International\/atelier-de-formation-sur-le-monodrame\/"},"modified":"2021-03-10T06:04:47","modified_gmt":"2021-03-10T11:04:47","slug":"atelier-de-formation-sur-le-monodrame","status":"publish","type":"post","link":"https:\/\/linitiative.ca\/International\/atelier-de-formation-sur-le-monodrame\/","title":{"rendered":"Atelier de formation sur le monodrame"},"content":{"rendered":"<div class=\"single-featured\"><img alt=\"\" data-src=\"http:\/\/www.mapmarrakech.ma\/map\/uploads\/2021\/03\/chichaoua-formation.jpg\"\/><\/div>\n<div class=\"single-post-excerpt post-excerpt-bc\" readability=\"39\">\n<p>Chichaoua- La Direction provinciale de l\u2019\u00e9ducation nationale \u00e0 Chichaoua et l\u2019Association pour le D\u00e9veloppement de la Coop\u00e9ration Scolaire (section de Chichaoua) ont organis\u00e9, r\u00e9cemment, un atelier de formation sur le monodrame, encadr\u00e9 par plusieurs professeurs et sp\u00e9cialistes et ce, dans le cadre des pr\u00e9paratifs des concours de r\u00e9seautage th\u00e9matique.<\/p>\n<\/div>\n<div class=\"entry-content clearfix single-post-content\" readability=\"51\">\n<p>S\u2019exprimant \u00e0 l\u2019ouverture de cette rencontre, le directeur provincial de l\u2019\u00e9ducation nationale \u00e0 Chichaoua, Rahal Naji, a soulign\u00e9 l\u2019importance de la promotion de la vie scolaire afin de valoriser les talents des \u00e9l\u00e8ves et de les doter des comp\u00e9tences n\u00e9cessaires \u00e0 m\u00eame de leur permettre de mieux s\u2019ouvrir et s\u2019int\u00e9grer dans la vie publique.<\/p>\n<p>Il a \u00e9galement mis en \u00e9vidence le r\u00f4le important du th\u00e9\u00e2tre en tant que l\u2019un des m\u00e9canismes d\u2019animation de la vie scolaire et l\u2019un des outils efficaces pour la construction de la personnalit\u00e9 de l\u2019apprenant, indique un communiqu\u00e9 de la direction provinciale.<\/p>\n<p>Le responsable a mis l\u2019accent aussi sur la n\u00e9cessit\u00e9 de renforcer les capacit\u00e9s des cadres administratifs et p\u00e9dagogiques en vue de favoriser la mise en \u0153uvre de la loi-cadre 51.17, en particulier le projet 10 qui vise \u00e0 appuyer et \u00e0 diversifier les activit\u00e9s de la vie scolaire afin de cr\u00e9er une \u00e9cole renouvelable, \u00e9quitable, citoyenne et inclusive.<\/p>\n<\/div>\n<p>Auteur: Mohammed KOURSI<br \/>\n<a href=\"http:\/\/www.mapmarrakech.ma\/fr\/atelier-de-formation-sur-le-monodrame\/\">Cliquez ici pour lire l&rsquo;article depuis sa source.<\/a><\/p>\n","protected":false},"excerpt":{"rendered":"<p>Chichaoua- La Direction provinciale de l\u2019\u00e9ducation nationale \u00e0 Chichaoua et l\u2019Association pour le D\u00e9veloppement de la Coop\u00e9ration Scolaire (section de Chichaoua) ont organis\u00e9, r\u00e9cemment, un atelier de formation sur le monodrame, encadr\u00e9 par plusieurs professeurs et sp\u00e9cialistes et ce, dans le cadre des pr\u00e9paratifs des concours de r\u00e9seautage th\u00e9matique. S\u2019exprimant \u00e0 l\u2019ouverture de cette rencontre, [&hellip;]<\/p>\n","protected":false},"author":1788,"featured_media":0,"comment_status":"closed","ping_status":"closed","sticky":false,"template":"","format":"standard","meta":{"fifu_image_url":"http:\/\/www.mapmarrakech.ma\/map\/uploads\/2021\/03\/chichaoua-formation.jpg","fifu_image_alt":"Atelier de formation sur le monodrame","footnotes":""},"categories":[54,76],"tags":[],"class_list":["post-112864","post","type-post","status-publish","format-standard","hentry","category-maroc","category-regions"],"_links":{"self":[{"href":"https:\/\/linitiative.ca\/International\/wp-json\/wp\/v2\/posts\/112864","targetHints":{"allow":["GET"]}}],"collection":[{"href":"https:\/\/linitiative.ca\/International\/wp-json\/wp\/v2\/posts"}],"about":[{"href":"https:\/\/linitiative.ca\/International\/wp-json\/wp\/v2\/types\/post"}],"author":[{"embeddable":true,"href":"https:\/\/linitiative.ca\/International\/wp-json\/wp\/v2\/users\/1788"}],"replies":[{"embeddable":true,"href":"https:\/\/linitiative.ca\/International\/wp-json\/wp\/v2\/comments?post=112864"}],"version-history":[{"count":0,"href":"https:\/\/linitiative.ca\/International\/wp-json\/wp\/v2\/posts\/112864\/revisions"}],"wp:attachment":[{"href":"https:\/\/linitiative.ca\/International\/wp-json\/wp\/v2\/media?parent=112864"}],"wp:term":[{"taxonomy":"category","embeddable":true,"href":"https:\/\/linitiative.ca\/International\/wp-json\/wp\/v2\/categories?post=112864"},{"taxonomy":"post_tag","embeddable":true,"href":"https:\/\/linitiative.ca\/International\/wp-json\/wp\/v2\/tags?post=112864"}],"curies":[{"name":"wp","href":"https:\/\/api.w.org\/{rel}","templated":true}]}}