{"id":112866,"date":"2021-03-10T12:02:59","date_gmt":"2021-03-10T17:02:59","guid":{"rendered":"https:\/\/linitiative.ca\/International\/reinsertion-des-detenus-hommage-aux-femmes-pionnieres\/"},"modified":"2021-03-10T12:02:59","modified_gmt":"2021-03-10T17:02:59","slug":"reinsertion-des-detenus-hommage-aux-femmes-pionnieres","status":"publish","type":"post","link":"https:\/\/linitiative.ca\/International\/reinsertion-des-detenus-hommage-aux-femmes-pionnieres\/","title":{"rendered":"R\u00e9insertion des d\u00e9tenus: Hommage aux femmes pionni\u00e8res"},"content":{"rendered":"<p><iframe loading=\"lazy\" width=\"1170\" height=\"658\" src=\"https:\/\/www.youtube.com\/embed\/HUqfd2yj4pk?feature=oembed\" frameborder=\"0\" allow=\"accelerometer; autoplay; clipboard-write; encrypted-media; gyroscope; picture-in-picture\" allowfullscreen=\"allowfullscreen\">[embedded content]<\/iframe><\/p>\n<div class=\"single-post-excerpt post-excerpt-bc\" readability=\"40\">\n<p>La Fondation Mohammed VI pour la r\u00e9insertion des d\u00e9tenus a organis\u00e9, \u00e0 Bengu\u00e9rir, chef-lieu de la province de Rehamna, une c\u00e9r\u00e9monie grandiose, le temps de f\u00eater des femmes pionni\u00e8res dans le domaine de la r\u00e9insertion des d\u00e9tenus au niveau de la r\u00e9gion Marrakech-Safi et ce, \u00e0 l\u2019occasion de la c\u00e9l\u00e9bration de la Journ\u00e9e Internationale de la Femme.<\/p>\n<\/div>\n<p>Auteur: Mohammed KOURSI<br \/>\n<a href=\"http:\/\/www.mapmarrakech.ma\/fr\/reinsertion-des-detenus-hommage-aux-femmes-pionnieres\/\">Cliquez ici pour lire l&rsquo;article depuis sa source.<\/a><\/p>\n","protected":false},"excerpt":{"rendered":"<p>[embedded content] La Fondation Mohammed VI pour la r\u00e9insertion des d\u00e9tenus a organis\u00e9, \u00e0 Bengu\u00e9rir, chef-lieu de la province de Rehamna, une c\u00e9r\u00e9monie grandiose, le temps de f\u00eater des femmes pionni\u00e8res dans le domaine de la r\u00e9insertion des d\u00e9tenus au niveau de la r\u00e9gion Marrakech-Safi et ce, \u00e0 l\u2019occasion de la c\u00e9l\u00e9bration de la Journ\u00e9e [&hellip;]<\/p>\n","protected":false},"author":1788,"featured_media":0,"comment_status":"closed","ping_status":"closed","sticky":false,"template":"","format":"standard","meta":{"fifu_image_url":"","fifu_image_alt":"","footnotes":""},"categories":[54,76],"tags":[],"class_list":["post-112866","post","type-post","status-publish","format-standard","hentry","category-maroc","category-regions"],"_links":{"self":[{"href":"https:\/\/linitiative.ca\/International\/wp-json\/wp\/v2\/posts\/112866","targetHints":{"allow":["GET"]}}],"collection":[{"href":"https:\/\/linitiative.ca\/International\/wp-json\/wp\/v2\/posts"}],"about":[{"href":"https:\/\/linitiative.ca\/International\/wp-json\/wp\/v2\/types\/post"}],"author":[{"embeddable":true,"href":"https:\/\/linitiative.ca\/International\/wp-json\/wp\/v2\/users\/1788"}],"replies":[{"embeddable":true,"href":"https:\/\/linitiative.ca\/International\/wp-json\/wp\/v2\/comments?post=112866"}],"version-history":[{"count":0,"href":"https:\/\/linitiative.ca\/International\/wp-json\/wp\/v2\/posts\/112866\/revisions"}],"wp:attachment":[{"href":"https:\/\/linitiative.ca\/International\/wp-json\/wp\/v2\/media?parent=112866"}],"wp:term":[{"taxonomy":"category","embeddable":true,"href":"https:\/\/linitiative.ca\/International\/wp-json\/wp\/v2\/categories?post=112866"},{"taxonomy":"post_tag","embeddable":true,"href":"https:\/\/linitiative.ca\/International\/wp-json\/wp\/v2\/tags?post=112866"}],"curies":[{"name":"wp","href":"https:\/\/api.w.org\/{rel}","templated":true}]}}