{"id":112868,"date":"2021-03-10T10:13:13","date_gmt":"2021-03-10T15:13:13","guid":{"rendered":"https:\/\/linitiative.ca\/International\/projet-dun-nouveau-curriculum-de-la-matiere-de-la-technologie\/"},"modified":"2021-03-10T10:13:13","modified_gmt":"2021-03-10T15:13:13","slug":"projet-dun-nouveau-curriculum-de-la-matiere-de-la-technologie","status":"publish","type":"post","link":"https:\/\/linitiative.ca\/International\/projet-dun-nouveau-curriculum-de-la-matiere-de-la-technologie\/","title":{"rendered":"Projet d\u2019un nouveau curriculum de la mati\u00e8re de la technologie"},"content":{"rendered":"<div class=\"single-featured\"><img alt=\"\" data-src=\"http:\/\/www.mapoujda.ma\/map\/uploads\/2021\/01\/Si\u00e8ge-Minist\u00e8re-de-l\u2019\u00c9ducation-Nationale-750\u00d7430-MAP.jpg\"\/><\/div>\n<div class=\"entry-content clearfix single-post-content\" readability=\"56\">\n<p class=\"c4\">Le minist\u00e8re de l\u2019\u00c9ducation nationale, de la Formation professionnelle, de l\u2019Enseignement sup\u00e9rieur et de la Recherche scientifique, D\u00e9partement de l\u2019Education nationale, vient d\u2019\u00e9laborer en langue fran\u00e7aise un projet d\u2019un nouveau curriculum de la mati\u00e8re de la technologie pour l\u2019enseignement coll\u00e9gial.<\/p>\n<p class=\"c4\">Pr\u00e9par\u00e9 par un groupe sp\u00e9cialis\u00e9 d\u2019enseignants marocains de la technologie, ce projet p\u00e9dagogique s\u2019inscrit dans le cadre de la mise en \u0153uvre du portefeuille de projets strat\u00e9giques et des dispositions de la loi cadre n \u00b0 51.17, relative au syst\u00e8me d\u2019\u00e9ducation, de formation et de recherche scientifique, notamment le 8\u00e8me projet portant sur \u00ab\u00a0D\u00e9veloppement du mod\u00e8le p\u00e9dagogique\u00a0\u00bb visant la r\u00e9alisation des r\u00e9sultats escompt\u00e9s de l\u2019enseignement des mati\u00e8res scientifiques et techniques en langues \u00e9trang\u00e8res, pr\u00e9cise le minist\u00e8re dans un communiqu\u00e9.<\/p>\n<p class=\"c4\">Le projet, mis \u00e0 la disposition des inspecteurs et professeurs de la technologie de toutes les r\u00e9gions du Royaume pour consultation et avis, peut \u00eatre consult\u00e9 sur le portail officiel du minist\u00e8re www.men.gov.ma, conclut le communiqu\u00e9.<\/p>\n<\/div>\n<p>Auteur: Soufiane ELAHMAR<br \/>\n<a href=\"http:\/\/www.mapoujda.ma\/fr\/projet-dun-nouveau-curriculum-de-la-matiere-de-la-technologie\/\">Cliquez ici pour lire l&rsquo;article depuis sa source.<\/a><\/p>\n","protected":false},"excerpt":{"rendered":"<p>Le minist\u00e8re de l\u2019\u00c9ducation nationale, de la Formation professionnelle, de l\u2019Enseignement sup\u00e9rieur et de la Recherche scientifique, D\u00e9partement de l\u2019Education nationale, vient d\u2019\u00e9laborer en langue fran\u00e7aise un projet d\u2019un nouveau curriculum de la mati\u00e8re de la technologie pour l\u2019enseignement coll\u00e9gial. Pr\u00e9par\u00e9 par un groupe sp\u00e9cialis\u00e9 d\u2019enseignants marocains de la technologie, ce projet p\u00e9dagogique s\u2019inscrit dans [&hellip;]<\/p>\n","protected":false},"author":1788,"featured_media":0,"comment_status":"closed","ping_status":"closed","sticky":false,"template":"","format":"standard","meta":{"fifu_image_url":"http:\/\/www.mapoujda.ma\/map\/uploads\/2021\/01\/Si\u00e8ge-Minist\u00e8re-de-l\u2019\u00c9ducation-Nationale-750\u00d7430-MAP.jpg","fifu_image_alt":"Projet d\u2019un nouveau curriculum de la mati\u00e8re de la technologie","footnotes":""},"categories":[54,76],"tags":[],"class_list":["post-112868","post","type-post","status-publish","format-standard","hentry","category-maroc","category-regions"],"_links":{"self":[{"href":"https:\/\/linitiative.ca\/International\/wp-json\/wp\/v2\/posts\/112868","targetHints":{"allow":["GET"]}}],"collection":[{"href":"https:\/\/linitiative.ca\/International\/wp-json\/wp\/v2\/posts"}],"about":[{"href":"https:\/\/linitiative.ca\/International\/wp-json\/wp\/v2\/types\/post"}],"author":[{"embeddable":true,"href":"https:\/\/linitiative.ca\/International\/wp-json\/wp\/v2\/users\/1788"}],"replies":[{"embeddable":true,"href":"https:\/\/linitiative.ca\/International\/wp-json\/wp\/v2\/comments?post=112868"}],"version-history":[{"count":0,"href":"https:\/\/linitiative.ca\/International\/wp-json\/wp\/v2\/posts\/112868\/revisions"}],"wp:attachment":[{"href":"https:\/\/linitiative.ca\/International\/wp-json\/wp\/v2\/media?parent=112868"}],"wp:term":[{"taxonomy":"category","embeddable":true,"href":"https:\/\/linitiative.ca\/International\/wp-json\/wp\/v2\/categories?post=112868"},{"taxonomy":"post_tag","embeddable":true,"href":"https:\/\/linitiative.ca\/International\/wp-json\/wp\/v2\/tags?post=112868"}],"curies":[{"name":"wp","href":"https:\/\/api.w.org\/{rel}","templated":true}]}}