{"id":112869,"date":"2021-03-10T09:24:57","date_gmt":"2021-03-10T14:24:57","guid":{"rendered":"https:\/\/linitiative.ca\/International\/maroc-telecom-cable-sous-marin-fin-des-travaux-de-maintenance\/"},"modified":"2021-03-10T09:24:57","modified_gmt":"2021-03-10T14:24:57","slug":"maroc-telecom-cable-sous-marin-fin-des-travaux-de-maintenance","status":"publish","type":"post","link":"https:\/\/linitiative.ca\/International\/maroc-telecom-cable-sous-marin-fin-des-travaux-de-maintenance\/","title":{"rendered":"Maroc Telecom\/ C\u00e2ble sous marin: Fin des travaux de maintenance"},"content":{"rendered":"<p class=\"rtejustify\">Maroc Telecom a annonc\u00e9, mercredi, la fin des travaux de maintenance pr\u00e9ventive op\u00e9r\u00e9s sur son c\u00e2ble sous-marin Atlas Offshore, reliant Asilah \u00e0 Marseille.<\/p>\n<p class=\"rtejustify\">Cela fait suite \u00e0 plusieurs probl\u00e8mes de connectivit\u00e9 relev\u00e9s ces derni\u00e8res semaines et touchant tous les op\u00e9rateurs. Selon le premier op\u00e9rateur du secteur t\u00e9l\u00e9coms, ces travaux, effectu\u00e9s par un navire sp\u00e9cialis\u00e9, ont \u00e9t\u00e9 marqu\u00e9s par les conditions m\u00e9t\u00e9orologiques d\u00e9favorables au niveau du d\u00e9troit. Mais, l\u2019infrastructure maritime reste enti\u00e8rement disponible, op\u00e9rationnelle et s\u00e9curis\u00e9e.<\/p>\n<p class=\"rtejustify\">L\u2019op\u00e9rateur a d\u00fb mobiliser un important dispositif humain et mat\u00e9riel afin de garantir la meilleure qualit\u00e9 de service et d\u2019\u00e9viter les impacts sur sa connectivit\u00e9.<\/p>\n<p class=\"rtejustify\">\u00a0<\/p>\n<p>Auteur: mbasraoui<br \/>\n<a href=\"https:\/\/www.leconomiste.com\/flash-infos\/cable-sous-marin-maroc-telecom-finalise-les-travaux-de-maintenance\">Cliquez ici pour lire l&rsquo;article depuis sa source.<\/a><\/p>\n","protected":false},"excerpt":{"rendered":"<p>Maroc Telecom a annonc\u00e9, mercredi, la fin des travaux de maintenance pr\u00e9ventive op\u00e9r\u00e9s sur son c\u00e2ble sous-marin Atlas Offshore, reliant Asilah \u00e0 Marseille. Cela fait suite \u00e0 plusieurs probl\u00e8mes de connectivit\u00e9 relev\u00e9s ces derni\u00e8res semaines et touchant tous les op\u00e9rateurs. Selon le premier op\u00e9rateur du secteur t\u00e9l\u00e9coms, ces travaux, effectu\u00e9s par un navire sp\u00e9cialis\u00e9, ont [&hellip;]<\/p>\n","protected":false},"author":1763,"featured_media":0,"comment_status":"closed","ping_status":"closed","sticky":false,"template":"","format":"standard","meta":{"fifu_image_url":"","fifu_image_alt":"","footnotes":""},"categories":[78,54],"tags":[],"class_list":["post-112869","post","type-post","status-publish","format-standard","hentry","category-economie","category-maroc"],"_links":{"self":[{"href":"https:\/\/linitiative.ca\/International\/wp-json\/wp\/v2\/posts\/112869","targetHints":{"allow":["GET"]}}],"collection":[{"href":"https:\/\/linitiative.ca\/International\/wp-json\/wp\/v2\/posts"}],"about":[{"href":"https:\/\/linitiative.ca\/International\/wp-json\/wp\/v2\/types\/post"}],"author":[{"embeddable":true,"href":"https:\/\/linitiative.ca\/International\/wp-json\/wp\/v2\/users\/1763"}],"replies":[{"embeddable":true,"href":"https:\/\/linitiative.ca\/International\/wp-json\/wp\/v2\/comments?post=112869"}],"version-history":[{"count":0,"href":"https:\/\/linitiative.ca\/International\/wp-json\/wp\/v2\/posts\/112869\/revisions"}],"wp:attachment":[{"href":"https:\/\/linitiative.ca\/International\/wp-json\/wp\/v2\/media?parent=112869"}],"wp:term":[{"taxonomy":"category","embeddable":true,"href":"https:\/\/linitiative.ca\/International\/wp-json\/wp\/v2\/categories?post=112869"},{"taxonomy":"post_tag","embeddable":true,"href":"https:\/\/linitiative.ca\/International\/wp-json\/wp\/v2\/tags?post=112869"}],"curies":[{"name":"wp","href":"https:\/\/api.w.org\/{rel}","templated":true}]}}