{"id":112871,"date":"2021-03-10T11:18:50","date_gmt":"2021-03-10T16:18:50","guid":{"rendered":"https:\/\/linitiative.ca\/International\/energie-lonu-distingue-le-leadership-du-maroc\/"},"modified":"2021-03-10T11:18:50","modified_gmt":"2021-03-10T16:18:50","slug":"energie-lonu-distingue-le-leadership-du-maroc","status":"publish","type":"post","link":"https:\/\/linitiative.ca\/International\/energie-lonu-distingue-le-leadership-du-maroc\/","title":{"rendered":"Energie: L&rsquo;ONU distingue le leadership du Maroc"},"content":{"rendered":"<p class=\"rtejustify\">Le Maroc se distingue encore dans le domaine \u00e9nerg\u00e9tique. Le Royaume \u00e9t\u00e9 nomm\u00e9 par les Nations Unies \u00ab\u00a0champion de haut niveau du dialogue\u00a0\u00bb sur la th\u00e9matique \u00ab\u00a0innovation, technologie et donn\u00e9es\u00a0\u00bb.<\/p>\n<p class=\"rtejustify\">Ce dialogue vise \u00e0 faciliter l\u2019atteinte des objectifs climatiques de l\u2019Accord de Paris et \u00e0 acc\u00e9l\u00e9rer la r\u00e9alisation de l\u2019Objectif de d\u00e9veloppement durable (ODD) 7. Ce dernier porte sur l&rsquo;acc\u00e8s g\u00e9n\u00e9ral aux services \u00e9nerg\u00e9tiques fiables, durables et modernes, \u00e0 un co\u00fbt abordable. C&rsquo;est Mustapha Bakkoury, Pr\u00e9sident de Masen, qui a repr\u00e9sent\u00e9 le Maroc lors du lancement virtuel du Dialogue de haut niveau sur l\u2019\u00e9nergie, premi\u00e8re rencontre mondiale sur l\u2019\u00e9nergie sous les auspices de l\u2019AG de l&rsquo;ONU depuis 1981.<\/p>\n<p class=\"rtejustify\">Avec cette nouvelle reconnaissance, le Maroc devra mener un plaidoyer mondial en faveur de la th\u00e9matique innovation, technologie et donn\u00e9es. Il aura aussi pour mission de mobiliser les pactes \u00e9nerg\u00e9tiques nationaux, en pr\u00e9sentant un ensemble d&rsquo;actions concr\u00e8tes pour atteindre l&rsquo;ODD 7. Ce n&rsquo;est pas tout: Rabat devra mener des actions de sensibilisation pour promouvoir le Dialogue de Haut Niveau sur l\u2019\u00e9nergie ; et Fournir des conseils strat\u00e9giques au groupe de travail technique.<\/p>\n<p>Auteur: hgueye<br \/>\n<a href=\"https:\/\/www.leconomiste.com\/flash-infos\/energie-l-onu-distingue-le-leadership-du-maroc\">Cliquez ici pour lire l&rsquo;article depuis sa source.<\/a><\/p>\n","protected":false},"excerpt":{"rendered":"<p>Le Maroc se distingue encore dans le domaine \u00e9nerg\u00e9tique. Le Royaume \u00e9t\u00e9 nomm\u00e9 par les Nations Unies \u00ab\u00a0champion de haut niveau du dialogue\u00a0\u00bb sur la th\u00e9matique \u00ab\u00a0innovation, technologie et donn\u00e9es\u00a0\u00bb. Ce dialogue vise \u00e0 faciliter l\u2019atteinte des objectifs climatiques de l\u2019Accord de Paris et \u00e0 acc\u00e9l\u00e9rer la r\u00e9alisation de l\u2019Objectif de d\u00e9veloppement durable (ODD) 7. [&hellip;]<\/p>\n","protected":false},"author":1763,"featured_media":0,"comment_status":"closed","ping_status":"closed","sticky":false,"template":"","format":"standard","meta":{"fifu_image_url":"","fifu_image_alt":"","footnotes":""},"categories":[78,54],"tags":[],"class_list":["post-112871","post","type-post","status-publish","format-standard","hentry","category-economie","category-maroc"],"_links":{"self":[{"href":"https:\/\/linitiative.ca\/International\/wp-json\/wp\/v2\/posts\/112871","targetHints":{"allow":["GET"]}}],"collection":[{"href":"https:\/\/linitiative.ca\/International\/wp-json\/wp\/v2\/posts"}],"about":[{"href":"https:\/\/linitiative.ca\/International\/wp-json\/wp\/v2\/types\/post"}],"author":[{"embeddable":true,"href":"https:\/\/linitiative.ca\/International\/wp-json\/wp\/v2\/users\/1763"}],"replies":[{"embeddable":true,"href":"https:\/\/linitiative.ca\/International\/wp-json\/wp\/v2\/comments?post=112871"}],"version-history":[{"count":0,"href":"https:\/\/linitiative.ca\/International\/wp-json\/wp\/v2\/posts\/112871\/revisions"}],"wp:attachment":[{"href":"https:\/\/linitiative.ca\/International\/wp-json\/wp\/v2\/media?parent=112871"}],"wp:term":[{"taxonomy":"category","embeddable":true,"href":"https:\/\/linitiative.ca\/International\/wp-json\/wp\/v2\/categories?post=112871"},{"taxonomy":"post_tag","embeddable":true,"href":"https:\/\/linitiative.ca\/International\/wp-json\/wp\/v2\/tags?post=112871"}],"curies":[{"name":"wp","href":"https:\/\/api.w.org\/{rel}","templated":true}]}}