{"id":112872,"date":"2021-03-10T12:15:43","date_gmt":"2021-03-10T17:15:43","guid":{"rendered":"https:\/\/linitiative.ca\/International\/covid19-408-millions-de-personnes-vaccinees-pres-de-63-000-ont-recu-la-1re-dose\/"},"modified":"2021-03-10T12:15:43","modified_gmt":"2021-03-10T17:15:43","slug":"covid19-408-millions-de-personnes-vaccinees-pres-de-63-000-ont-recu-la-1re-dose","status":"publish","type":"post","link":"https:\/\/linitiative.ca\/International\/covid19-408-millions-de-personnes-vaccinees-pres-de-63-000-ont-recu-la-1re-dose\/","title":{"rendered":"Covid19: 4,08 millions de personnes vaccin\u00e9es, pr\u00e8s de 63.000 ont re\u00e7u la 1re dose"},"content":{"rendered":"<p class=\"rtejustify\">Le Maroc a enregistr\u00e9 <strong>453\u00a0<\/strong>nouveaux cas de Covid19 durant les derni\u00e8res 24 heures, ce qui porte le total \u00e0 <strong>487.286<\/strong> cas confirm\u00e9s, d&rsquo;apr\u00e8s le nouveau bilan du minist\u00e8re de la Sant\u00e9 de ce mercredi 10\u00a0mars 2021. Le nombre total de personnes vaccin\u00e9es se chiffre \u00e0 <strong>4.080.009<\/strong><strong>\u00a0<\/strong>indique le minist\u00e8re, dont plus de 62.000 ayant re\u00e7u leur premi\u00e8re dose.\u00a0<strong>854.274<\/strong>\u00a0personnes ont pris leur 2e dose.<\/p>\n<p class=\"rtejustify\">Casablanca-Settat a enregistr\u00e9\u00a0<strong>283\u00a0<\/strong>nouveaux cas, alors que la r\u00e9gion de Rabat-Sal\u00e9-K\u00e9nitra en compte <strong>37<\/strong>. Au total, <strong>10.968<span class=\"c4\">\u00a0<\/span><\/strong>nouveaux tests ont \u00e9t\u00e9 r\u00e9alis\u00e9s.<\/p>\n<p class=\"rtejustify\">Quant au nombre de d\u00e9c\u00e8s, il s&rsquo;\u00e9tablit \u00e0 <strong>8.705<\/strong>, soit 10<strong>\u00a0<\/strong>d\u00e9c\u00e8s de plus en 24 heures (taux de l\u00e9talit\u00e9 1,8%), alors que <strong>530\u00a0<\/strong>nouvelles gu\u00e9risons ont \u00e9t\u00e9 recens\u00e9es, soit au total <strong>473.738<\/strong><strong><span class=\"c4\">\u00a0<\/span><\/strong>(taux de gu\u00e9rison 97,2%). Le nombre de cas encore actifs atteint\u00a0<strong>4.843<\/strong>, dont 406<strong><span class=\"c4\">\u00a0<\/span><\/strong>s\u00e9v\u00e8res. Parmi ces derniers, <strong>23\u00a0<\/strong>sont sous intubation, alors que 251sont sous ventilation non invasive. Par ailleurs, le taux d&rsquo;occupation des lits d\u00e9di\u00e9s au Covid-19 atteint <strong>13,1<\/strong><strong>%<\/strong>.<\/p>\n<blockquote readability=\"4.75\">\n<p class=\"rtejustify\"><strong>Pour plus de d\u00e9tails, voir l&rsquo;\u00e9volution en temps r\u00e9el de l&rsquo;\u00e9pid\u00e9mie sur <a href=\"https:\/\/www.leconomiste.com\/covid19\/\">https:\/\/www.leconomiste.com\/covid19\/<\/a><\/strong><\/p>\n<\/blockquote>\n<p>Auteur: mbasraoui<br \/>\n<a href=\"https:\/\/www.leconomiste.com\/flash-infos\/covid19-millions-de-personnes-vaccinees-4\">Cliquez ici pour lire l&rsquo;article depuis sa source.<\/a><\/p>\n","protected":false},"excerpt":{"rendered":"<p>Le Maroc a enregistr\u00e9 453\u00a0nouveaux cas de Covid19 durant les derni\u00e8res 24 heures, ce qui porte le total \u00e0 487.286 cas confirm\u00e9s, d&rsquo;apr\u00e8s le nouveau bilan du minist\u00e8re de la Sant\u00e9 de ce mercredi 10\u00a0mars 2021. Le nombre total de personnes vaccin\u00e9es se chiffre \u00e0 4.080.009\u00a0indique le minist\u00e8re, dont plus de 62.000 ayant re\u00e7u leur [&hellip;]<\/p>\n","protected":false},"author":1763,"featured_media":0,"comment_status":"closed","ping_status":"closed","sticky":false,"template":"","format":"standard","meta":{"fifu_image_url":"","fifu_image_alt":"","footnotes":""},"categories":[78,54],"tags":[],"class_list":["post-112872","post","type-post","status-publish","format-standard","hentry","category-economie","category-maroc"],"_links":{"self":[{"href":"https:\/\/linitiative.ca\/International\/wp-json\/wp\/v2\/posts\/112872","targetHints":{"allow":["GET"]}}],"collection":[{"href":"https:\/\/linitiative.ca\/International\/wp-json\/wp\/v2\/posts"}],"about":[{"href":"https:\/\/linitiative.ca\/International\/wp-json\/wp\/v2\/types\/post"}],"author":[{"embeddable":true,"href":"https:\/\/linitiative.ca\/International\/wp-json\/wp\/v2\/users\/1763"}],"replies":[{"embeddable":true,"href":"https:\/\/linitiative.ca\/International\/wp-json\/wp\/v2\/comments?post=112872"}],"version-history":[{"count":0,"href":"https:\/\/linitiative.ca\/International\/wp-json\/wp\/v2\/posts\/112872\/revisions"}],"wp:attachment":[{"href":"https:\/\/linitiative.ca\/International\/wp-json\/wp\/v2\/media?parent=112872"}],"wp:term":[{"taxonomy":"category","embeddable":true,"href":"https:\/\/linitiative.ca\/International\/wp-json\/wp\/v2\/categories?post=112872"},{"taxonomy":"post_tag","embeddable":true,"href":"https:\/\/linitiative.ca\/International\/wp-json\/wp\/v2\/tags?post=112872"}],"curies":[{"name":"wp","href":"https:\/\/api.w.org\/{rel}","templated":true}]}}