{"id":112874,"date":"2021-03-10T15:14:02","date_gmt":"2021-03-10T20:14:02","guid":{"rendered":"https:\/\/linitiative.ca\/International\/pros-manchester-city-mahrez-titulaire-face-a-southampton\/"},"modified":"2021-03-10T15:14:02","modified_gmt":"2021-03-10T20:14:02","slug":"pros-manchester-city-mahrez-titulaire-face-a-southampton","status":"publish","type":"post","link":"https:\/\/linitiative.ca\/International\/pros-manchester-city-mahrez-titulaire-face-a-southampton\/","title":{"rendered":"Pros : Manchester City: Mahrez titulaire face \u00e0 Southampton"},"content":{"rendered":"<div readability=\"32\">\n<p>Auteur : <span class=\"time\">mercredi 10 mars 2021 18:43<\/span><\/p>\n<\/div>\n<div id=\"post_core\" readability=\"37\">\n<p>Ce mercredi, \u00e0 partir de 19 heures, Manchester City accueille Southampton en match avanc\u00e9 de la 33e journ\u00e9e de Premier League. Pour cette rencontre, Pep Guardiola a d\u00e9cid\u00e9 de titulariser Riyad Mahrez.<\/p>\n<p><img decoding=\"async\" alt=\"\" src=\"https:\/\/scontent-mrs2-2.xx.fbcdn.net\/v\/t1.0-9\/159320043_10165575774295455_7452863069499857924_o.png?_nc_cat=1&amp;ccb=1-3&amp;_nc_sid=730e14&amp;_nc_ohc=P09w8HdwYRoAX9mSJk9&amp;_nc_ht=scontent-mrs2-2.xx&amp;oh=874c121403669950750221ebf79d03d3&amp;oe=606F9206\" class=\"c2\"\/><\/p>\n<p><strong>Publi\u00e9 dans :<\/strong> <span>Mahrez<\/span><\/p>\n<\/div>\n<p>Auteur:<br \/>\n<a href=\"http:\/\/www.lebuteur.com\/article\/detail?titre=manchester-city-mahrez-titulaire-face-a-southampton&#038;id=99348&#038;utm_source=feedburner&#038;utm_medium=feed&#038;utm_campaign=Feed%3A+GalerieFArtciles+%28Les+derniers+articles++-+lebuteur.com%29\">Cliquez ici pour lire l&rsquo;article depuis sa source.<\/a><\/p>\n","protected":false},"excerpt":{"rendered":"<p>Auteur : mercredi 10 mars 2021 18:43 Ce mercredi, \u00e0 partir de 19 heures, Manchester City accueille Southampton en match avanc\u00e9 de la 33e journ\u00e9e de Premier League. Pour cette rencontre, Pep Guardiola a d\u00e9cid\u00e9 de titulariser Riyad Mahrez. Publi\u00e9 dans : Mahrez Auteur: Cliquez ici pour lire l&rsquo;article depuis sa source.<\/p>\n","protected":false},"author":1738,"featured_media":0,"comment_status":"closed","ping_status":"closed","sticky":false,"template":"","format":"standard","meta":{"fifu_image_url":"\/\/cdn.lebuteur.com\/data\/images\/article\/thumbs\/large-manchester-city-mahrez-titulaire-face-a-southampton-d8fe8.jpg","fifu_image_alt":"Pros : Manchester City: Mahrez titulaire face \u00e0 Southampton","footnotes":""},"categories":[53,75],"tags":[],"class_list":["post-112874","post","type-post","status-publish","format-standard","hentry","category-algerie","category-sport"],"_links":{"self":[{"href":"https:\/\/linitiative.ca\/International\/wp-json\/wp\/v2\/posts\/112874","targetHints":{"allow":["GET"]}}],"collection":[{"href":"https:\/\/linitiative.ca\/International\/wp-json\/wp\/v2\/posts"}],"about":[{"href":"https:\/\/linitiative.ca\/International\/wp-json\/wp\/v2\/types\/post"}],"author":[{"embeddable":true,"href":"https:\/\/linitiative.ca\/International\/wp-json\/wp\/v2\/users\/1738"}],"replies":[{"embeddable":true,"href":"https:\/\/linitiative.ca\/International\/wp-json\/wp\/v2\/comments?post=112874"}],"version-history":[{"count":0,"href":"https:\/\/linitiative.ca\/International\/wp-json\/wp\/v2\/posts\/112874\/revisions"}],"wp:attachment":[{"href":"https:\/\/linitiative.ca\/International\/wp-json\/wp\/v2\/media?parent=112874"}],"wp:term":[{"taxonomy":"category","embeddable":true,"href":"https:\/\/linitiative.ca\/International\/wp-json\/wp\/v2\/categories?post=112874"},{"taxonomy":"post_tag","embeddable":true,"href":"https:\/\/linitiative.ca\/International\/wp-json\/wp\/v2\/tags?post=112874"}],"curies":[{"name":"wp","href":"https:\/\/api.w.org\/{rel}","templated":true}]}}