{"id":112875,"date":"2021-03-10T15:14:05","date_gmt":"2021-03-10T20:14:05","guid":{"rendered":"https:\/\/linitiative.ca\/International\/pros-ac-milan-bennacer-connait-la-date-de-son-retour-a-la-competition\/"},"modified":"2021-03-10T15:14:05","modified_gmt":"2021-03-10T20:14:05","slug":"pros-ac-milan-bennacer-connait-la-date-de-son-retour-a-la-competition","status":"publish","type":"post","link":"https:\/\/linitiative.ca\/International\/pros-ac-milan-bennacer-connait-la-date-de-son-retour-a-la-competition\/","title":{"rendered":"Pros : AC Milan: Bennacer connait la date de son retour \u00e0 la comp\u00e9tition"},"content":{"rendered":"<div readability=\"32\">\n<p>Auteur : <span>Riad O.<\/span> <span class=\"time\">mercredi 10 mars 2021 19:17<\/span><\/p>\n<\/div>\n<div id=\"post_core\" readability=\"38\">\n<p>A en croire le m\u00e9dia italien, La Gazzetta dello Sport, le joueur milieu de terrain Alg\u00e9rien de l\u2019AC Milan, Isma\u00ebl Bennacer fera son retour \u00e0 la comp\u00e9tition dimanche prochain \u00e0 l\u2019occasion de la rencontre de son \u00e9quipe face \u00e0 Naples en S\u00e9rie A. La m\u00eame source explique que le joueur de l\u2019EN s\u2019est totalement remis de sa blessure.<\/p>\n<p><span class=\"c2\"><strong>Riad O.<\/strong><\/span><\/p>\n<p><strong>Publi\u00e9 dans :<\/strong> <span>BENNACER<\/span><\/p>\n<\/div>\n<p>Auteur:<br \/>\n<a href=\"http:\/\/www.lebuteur.com\/article\/detail?titre=ac-milan-bennacer-connait-la-date-de-son-retour-a-la-competition&#038;id=99349&#038;utm_source=feedburner&#038;utm_medium=feed&#038;utm_campaign=Feed%3A+GalerieFArtciles+%28Les+derniers+articles++-+lebuteur.com%29\">Cliquez ici pour lire l&rsquo;article depuis sa source.<\/a><\/p>\n","protected":false},"excerpt":{"rendered":"<p>Auteur : Riad O. mercredi 10 mars 2021 19:17 A en croire le m\u00e9dia italien, La Gazzetta dello Sport, le joueur milieu de terrain Alg\u00e9rien de l\u2019AC Milan, Isma\u00ebl Bennacer fera son retour \u00e0 la comp\u00e9tition dimanche prochain \u00e0 l\u2019occasion de la rencontre de son \u00e9quipe face \u00e0 Naples en S\u00e9rie A. La m\u00eame source [&hellip;]<\/p>\n","protected":false},"author":1738,"featured_media":0,"comment_status":"closed","ping_status":"closed","sticky":false,"template":"","format":"standard","meta":{"fifu_image_url":"\/\/cdn.lebuteur.com\/data\/images\/article\/thumbs\/large-ac-milan-bennacer-connait-la-date-de-son-retour-a-la-competition-0962e.jpg","fifu_image_alt":"Pros : AC Milan: Bennacer connait la date de son retour \u00e0 la comp\u00e9tition","footnotes":""},"categories":[53,75],"tags":[],"class_list":["post-112875","post","type-post","status-publish","format-standard","hentry","category-algerie","category-sport"],"_links":{"self":[{"href":"https:\/\/linitiative.ca\/International\/wp-json\/wp\/v2\/posts\/112875","targetHints":{"allow":["GET"]}}],"collection":[{"href":"https:\/\/linitiative.ca\/International\/wp-json\/wp\/v2\/posts"}],"about":[{"href":"https:\/\/linitiative.ca\/International\/wp-json\/wp\/v2\/types\/post"}],"author":[{"embeddable":true,"href":"https:\/\/linitiative.ca\/International\/wp-json\/wp\/v2\/users\/1738"}],"replies":[{"embeddable":true,"href":"https:\/\/linitiative.ca\/International\/wp-json\/wp\/v2\/comments?post=112875"}],"version-history":[{"count":0,"href":"https:\/\/linitiative.ca\/International\/wp-json\/wp\/v2\/posts\/112875\/revisions"}],"wp:attachment":[{"href":"https:\/\/linitiative.ca\/International\/wp-json\/wp\/v2\/media?parent=112875"}],"wp:term":[{"taxonomy":"category","embeddable":true,"href":"https:\/\/linitiative.ca\/International\/wp-json\/wp\/v2\/categories?post=112875"},{"taxonomy":"post_tag","embeddable":true,"href":"https:\/\/linitiative.ca\/International\/wp-json\/wp\/v2\/tags?post=112875"}],"curies":[{"name":"wp","href":"https:\/\/api.w.org\/{rel}","templated":true}]}}