{"id":112876,"date":"2021-03-10T15:14:08","date_gmt":"2021-03-10T20:14:08","guid":{"rendered":"https:\/\/linitiative.ca\/International\/pros-valence-entre-en-course-pour-mandi\/"},"modified":"2021-03-10T15:14:08","modified_gmt":"2021-03-10T20:14:08","slug":"pros-valence-entre-en-course-pour-mandi","status":"publish","type":"post","link":"https:\/\/linitiative.ca\/International\/pros-valence-entre-en-course-pour-mandi\/","title":{"rendered":"Pros : Valence entre en course pour Mandi"},"content":{"rendered":"<div readability=\"32\">\n<p>Auteur : <span>Riad O.<\/span> <span class=\"time\">mercredi 10 mars 2021 19:19<\/span><\/p>\n<\/div>\n<div id=\"post_core\" readability=\"42\">\n<p>A en croire certains m\u00e9dias espagnols, le d\u00e9fenseur de l\u2019EN, Aissa Mandi ne fait, d\u00e9sormais, plus partie des plans de Liverpool. Alors qu\u2019il sera libre avec son club du Real B\u00e9tis cet \u00e9t\u00e9, Aissa Mandi \u00e9tait annonc\u00e9 dans le viseur du club anglais. En revanche, et toujours d\u2019apr\u00e8s la presse espagnole, Mandi int\u00e9resserait le FC Valence. Le club Ch\u00e9 souhaiterait s\u2019attacher les services du champion d\u2019Afrique 2019.<\/p>\n<p><span class=\"c2\"><strong>Riad O.<\/strong><\/span><\/p>\n<p><strong>Publi\u00e9 dans :<\/strong> <span>Mandi<\/span><\/p>\n<\/div>\n<p>Auteur:<br \/>\n<a href=\"http:\/\/www.lebuteur.com\/article\/detail?titre=valence-entre-en-course-pour-mandi&#038;id=99350&#038;utm_source=feedburner&#038;utm_medium=feed&#038;utm_campaign=Feed%3A+GalerieFArtciles+%28Les+derniers+articles++-+lebuteur.com%29\">Cliquez ici pour lire l&rsquo;article depuis sa source.<\/a><\/p>\n","protected":false},"excerpt":{"rendered":"<p>Auteur : Riad O. mercredi 10 mars 2021 19:19 A en croire certains m\u00e9dias espagnols, le d\u00e9fenseur de l\u2019EN, Aissa Mandi ne fait, d\u00e9sormais, plus partie des plans de Liverpool. Alors qu\u2019il sera libre avec son club du Real B\u00e9tis cet \u00e9t\u00e9, Aissa Mandi \u00e9tait annonc\u00e9 dans le viseur du club anglais. En revanche, et [&hellip;]<\/p>\n","protected":false},"author":1738,"featured_media":0,"comment_status":"closed","ping_status":"closed","sticky":false,"template":"","format":"standard","meta":{"fifu_image_url":"\/\/cdn.lebuteur.com\/data\/images\/article\/thumbs\/large-valence-entre-en-course-pour-mandi-85800.jpg","fifu_image_alt":"Pros : Valence entre en course pour Mandi","footnotes":""},"categories":[53,75],"tags":[],"class_list":["post-112876","post","type-post","status-publish","format-standard","hentry","category-algerie","category-sport"],"_links":{"self":[{"href":"https:\/\/linitiative.ca\/International\/wp-json\/wp\/v2\/posts\/112876","targetHints":{"allow":["GET"]}}],"collection":[{"href":"https:\/\/linitiative.ca\/International\/wp-json\/wp\/v2\/posts"}],"about":[{"href":"https:\/\/linitiative.ca\/International\/wp-json\/wp\/v2\/types\/post"}],"author":[{"embeddable":true,"href":"https:\/\/linitiative.ca\/International\/wp-json\/wp\/v2\/users\/1738"}],"replies":[{"embeddable":true,"href":"https:\/\/linitiative.ca\/International\/wp-json\/wp\/v2\/comments?post=112876"}],"version-history":[{"count":0,"href":"https:\/\/linitiative.ca\/International\/wp-json\/wp\/v2\/posts\/112876\/revisions"}],"wp:attachment":[{"href":"https:\/\/linitiative.ca\/International\/wp-json\/wp\/v2\/media?parent=112876"}],"wp:term":[{"taxonomy":"category","embeddable":true,"href":"https:\/\/linitiative.ca\/International\/wp-json\/wp\/v2\/categories?post=112876"},{"taxonomy":"post_tag","embeddable":true,"href":"https:\/\/linitiative.ca\/International\/wp-json\/wp\/v2\/tags?post=112876"}],"curies":[{"name":"wp","href":"https:\/\/api.w.org\/{rel}","templated":true}]}}