{"id":112879,"date":"2021-03-10T04:38:00","date_gmt":"2021-03-10T09:38:00","guid":{"rendered":"https:\/\/linitiative.ca\/International\/yadh-ben-achour-dans-son-nouveau-livre-lislam-et-la-democratie-une-revision-de-la-pensee-islamique-simpose\/"},"modified":"2021-03-10T04:38:00","modified_gmt":"2021-03-10T09:38:00","slug":"yadh-ben-achour-dans-son-nouveau-livre-lislam-et-la-democratie-une-revision-de-la-pensee-islamique-simpose","status":"publish","type":"post","link":"https:\/\/linitiative.ca\/International\/yadh-ben-achour-dans-son-nouveau-livre-lislam-et-la-democratie-une-revision-de-la-pensee-islamique-simpose\/","title":{"rendered":"Yadh Ben Achour dans son nouveau livre \u2018\u2019L\u2019Islam et la d\u00e9mocratie\u2019\u2019 : Une r\u00e9vision de la pens\u00e9e islamique s\u2019impose"},"content":{"rendered":"<p>\u00ab Il ne faut pas s\u2019y tromper. Les cris de col\u00e8re sont les signes pr\u00e9curseurs d\u2019un bouleversement social et religieux de forte ampleur. \u00bb Yadh Ben Achour le souligne avec insistance dans son nouveau livre \u00ab <a href=\"http:\/\/www.gallimard.fr\/Catalogue\/GALLIMARD\/Le-Debat\/L-islam-et-la-democratie\" target=\"_blank\" rel=\"noopener\">L\u2019Islam et la d\u00e9mocratie. Une r\u00e9volution int\u00e9rieure<\/a> \u00bb, paru la semaine derni\u00e8re aux \u00e9ditions Gallimard.\u00a0 \u00ab L\u2019islam, y \u00e9crit-il, est en pleine r\u00e9volution int\u00e9rieure. Essayons donc de penser cette nouvelle \u00e8re, de lui donner sens et horizon, \u00e0 partir d\u2019une g\u00e9n\u00e9alogie propre au monde arabe et \u00e0 l\u2019Islam, en tant que religion, culture et civilisation, et en l\u2019inscrivant historiquement dans l\u2019universalit\u00e9 de la norme d\u00e9mocratique. \u00bb<\/p>\n<p>Dans son introduction, Yadh Ben Achour affirme d\u2019embl\u00e9e : \u00ab Une r\u00e9vision de la pens\u00e9e islamique s\u2019impose. Pour cela, elle doit puiser \u00e9videmment dans l\u2019acquis \u00e9mancipateur de la modernit\u00e9, sa rationalit\u00e9, sa libert\u00e9 d\u2019inventer et d\u2019exprimer, le caract\u00e8re \u00e9ruptif de ses conqu\u00eates intellectuelles contre l\u2019ignorance et la passivit\u00e9, particuli\u00e8rement dans le domaine des arts, des sciences et des philosophies ; mais, par-dessus tout, elle doit, pour \u00eatre comprise, se r\u00e9inventer \u00e0 partir d\u2019elle-m\u00eame et de son propre langage, en puisant dans son fonds historique critique, dans cet Islam lib\u00e9ral des premiers si\u00e8cles et dans le patrimoine philosophique qu\u2019il convient d\u2019approfondir et de d\u00e9velopper, pour y rechercher \u00e9videmment des modes de raisonner, des ruptures m\u00e9thodiques et non des id\u00e9es toutes faites, pr\u00eates \u00e0 l\u2019usage. \u00bb<\/p>\n<p>L\u2019ouvrage de Yadh Ben Achour s\u2019articule en quatre chapitres : l\u2019universalit\u00e9 de la norme d\u00e9mocratique, l\u2019islam et l\u2019universalit\u00e9 de la norme d\u00e9mocratique, l\u2019islam lib\u00e9ral, cet immortel, et l\u2019orthodoxie et les r\u00e9volutions d\u00e9mocratiques.<\/p>\n<p>A lire.<\/p>\n<p><strong>L&rsquo;islam et la d\u00e9mocratie. Une r\u00e9volution int\u00e9rieure<\/strong><br \/><em>Collection Le D\u00e9bat, Gallimard, 21 \u20ac<br \/>Disponible au format num\u00e9rique :<br \/>Epub : 14,99 \u20ac \/ Pdf : 14,99 \u20ac<\/em><\/p>\n<h2>Pr\u00e9sentation<\/h2>\n<p>\u00ab\u00a0Depuis des lustres, on se bat de toute part pour savoir si l\u2019islam est compatible avec la d\u00e9mocratie. Mais peut-on r\u00e9pondre \u00e0 une telle question, si on ne prend pas soin de r\u00e9soudre un probl\u00e8me pr\u00e9alable sur le sens de la d\u00e9mocratie elle-m\u00eame ? Qu\u2019est-elle ? Si nous ne lib\u00e9rons pas la d\u00e9mocratie du pi\u00e8ge du relativisme, ses adversaires auront beau jeu de d\u00e9noncer son caract\u00e8re typiquement \u00ab occidental \u00bb pour se construire des mod\u00e8les qui leur seraient sp\u00e9cifiques.<\/p>\n<p>La d\u00e9mocratie authentique n\u2019est ni d\u2019Occident, ni d\u2019Orient. Elle doit \u00eatre con\u00e7ue ind\u00e9pendamment de ses incarnations historiques. Mais, pour cela, il est n\u00e9cessaire de lui trouver un fondement philosophique universel, en tant que norme humaniste, et non en tant que r\u00e9gime politique. \u00c0 partir de l\u00e0, nous pouvons poser les conditions pour que l\u2019Islam, en tant que religion, culture et civilisation, puisse valablement r\u00e9pondre au d\u00e9fi d\u00e9mocratique.<\/p>\n<p>Les th\u00e9ories de la \u00ab d\u00e9mocratie islamique \u00bb ne sont qu\u2019un tissu de faux-semblants. Et c\u2019est au prix d\u2019une r\u00e9volution int\u00e9rieure contre \u00ab l\u2019orthodoxie de masse \u00bb que l\u2019Islam pourra relever ce d\u00e9fi. Cette r\u00e9volution est en train de se r\u00e9aliser. L\u2019actualit\u00e9 du monde arabe, secou\u00e9 par des mouvements r\u00e9volutionnaires \u00e0 r\u00e9p\u00e9tition, nous r\u00e9v\u00e8le une insistante et massive demande d\u00e9mocratique. Si, pour l\u2019Europe, l\u2019\u00e2ge des r\u00e9volutions d\u00e9mocratiques est termin\u00e9, pour le monde arabe, en revanche, il commence.\u00a0\u00bb<br \/>\u00a0<\/p>\n<p>Auteur:<br \/>\n<a href=\"https:\/\/www.leaders.com.tn\/article\/31555-yadh-ben-achour-dans-son-nouveau-livre-l-islam-et-la-democratie-une-revision-de-la-pensee-islamique-s-impose\">Cliquez ici pour lire l&rsquo;article depuis sa source.<\/a><\/p>\n","protected":false},"excerpt":{"rendered":"<p>\u00ab Il ne faut pas s\u2019y tromper. Les cris de col\u00e8re sont les signes pr\u00e9curseurs d\u2019un bouleversement social et religieux de forte ampleur. \u00bb Yadh Ben Achour le souligne avec insistance dans son nouveau livre \u00ab L\u2019Islam et la d\u00e9mocratie. Une r\u00e9volution int\u00e9rieure \u00bb, paru la semaine derni\u00e8re aux \u00e9ditions Gallimard.\u00a0 \u00ab L\u2019islam, y \u00e9crit-il, [&hellip;]<\/p>\n","protected":false},"author":1772,"featured_media":0,"comment_status":"closed","ping_status":"closed","sticky":false,"template":"","format":"standard","meta":{"fifu_image_url":"","fifu_image_alt":"","footnotes":""},"categories":[73,55],"tags":[],"class_list":["post-112879","post","type-post","status-publish","format-standard","hentry","category-actualite","category-tunisie"],"_links":{"self":[{"href":"https:\/\/linitiative.ca\/International\/wp-json\/wp\/v2\/posts\/112879","targetHints":{"allow":["GET"]}}],"collection":[{"href":"https:\/\/linitiative.ca\/International\/wp-json\/wp\/v2\/posts"}],"about":[{"href":"https:\/\/linitiative.ca\/International\/wp-json\/wp\/v2\/types\/post"}],"author":[{"embeddable":true,"href":"https:\/\/linitiative.ca\/International\/wp-json\/wp\/v2\/users\/1772"}],"replies":[{"embeddable":true,"href":"https:\/\/linitiative.ca\/International\/wp-json\/wp\/v2\/comments?post=112879"}],"version-history":[{"count":0,"href":"https:\/\/linitiative.ca\/International\/wp-json\/wp\/v2\/posts\/112879\/revisions"}],"wp:attachment":[{"href":"https:\/\/linitiative.ca\/International\/wp-json\/wp\/v2\/media?parent=112879"}],"wp:term":[{"taxonomy":"category","embeddable":true,"href":"https:\/\/linitiative.ca\/International\/wp-json\/wp\/v2\/categories?post=112879"},{"taxonomy":"post_tag","embeddable":true,"href":"https:\/\/linitiative.ca\/International\/wp-json\/wp\/v2\/tags?post=112879"}],"curies":[{"name":"wp","href":"https:\/\/api.w.org\/{rel}","templated":true}]}}