{"id":112881,"date":"2021-03-10T05:32:00","date_gmt":"2021-03-10T10:32:00","guid":{"rendered":"https:\/\/linitiative.ca\/International\/lubci-et-lincubateur-labess-decernent-le-prix-de-lentrepreneure-sociale-de-lannee\/"},"modified":"2021-03-10T05:32:00","modified_gmt":"2021-03-10T10:32:00","slug":"lubci-et-lincubateur-labess-decernent-le-prix-de-lentrepreneure-sociale-de-lannee","status":"publish","type":"post","link":"https:\/\/linitiative.ca\/International\/lubci-et-lincubateur-labess-decernent-le-prix-de-lentrepreneure-sociale-de-lannee\/","title":{"rendered":"L\u2019UBCI et l\u2019incubateur lab\u2019ess d\u00e9cernent le prix de l\u2019entrepreneur(e) social(e) de l\u2019ann\u00e9e"},"content":{"rendered":"<p>Pour la troisi\u00e8me ann\u00e9e cons\u00e9cutive, l\u2019acc\u00e9l\u00e9rateur d\u2019innovation sociale \u00abLab\u2019ESS\u00bb et la banque \u00abUBCI\u00bb viennent de d\u00e9cerner le prix de l\u2019entrepreneur(e) social(e) \u00e0 3 femmes pers\u00e9v\u00e9rantes, qui oeuvrent pour d\u00e9velopper une consommation plus responsable, la sensibilisation \u00e0 l&rsquo;\u00e9cologie et la mobilit\u00e9 douce en Tunisie.<\/p>\n<p>AAu terme d\u2019une matin\u00e9e de pr\u00e9sentation de leur projet par les 7 candidats en lice, un jury compos\u00e9 de collaborateurs de la banque et de professionnels tunisiens et \u00e9trangers du monde de l\u2019\u00e9conomie sociale et solidaire, a attribu\u00e9 le 1er Prix au projet \u00abNajen Nature\u00bb.<\/p>\n<p>Najen Nature est une marque de mode et life style naturel et durable, r\u00e9alis\u00e9e de mani\u00e8re \u00e9thique par des artisans d\u2019Europe et de Tunisie. Gr\u00e2ce \u00e0 ce prix, la laur\u00e9ate Nadia Jendoubi d\u00e9croche une dotation de 7000 dinars et ambitionne gr\u00e2ce \u00e0 ce prix, de mener une campagne de lutte contre la pr\u00e9carit\u00e9 menstruelle dans les r\u00e9gions isol\u00e9es.<\/p>\n<p class=\"c2\"><img decoding=\"async\" src=\"\/uploads\/FCK_files\/UBCI4.jpg\" alt=\"\" width=\"100%\" vspace=\"5\" hspace=\"5\" align=\"middle\"\/><\/p>\n<p>En marge du 1<sup>er<\/sup> Prix, l\u2019UBCI et le Lab\u2019ess ont \u00e9galement d\u00e9cern\u00e9 le 2<sup>\u00e8me<\/sup> Prix au projet \u00abL\u2019ARCHE\u00bb, entreprise itin\u00e9rante qui propose des activit\u00e9s \u00e9ducologiques et zooth\u00e9rapeutiques aux enfants. Enfin, le 3<sup>\u00e8me<\/sup> Prix revient au projet \u00abPEDALO\u00bb, un service de coursiers \u00e0 v\u00e9lo bas\u00e9s dans le grand Tunis. Les deux projets re\u00e7oivent respectivement une dotation de 4000 et 3000 dinars.<\/p>\n<p>Les 3 gagnantes seront \u00e9galement accompagn\u00e9es d\u2019une assistance comptable et financi\u00e8re des experts UBCI pour la structuration de ce projet.<\/p>\n<p>A travers ce concours, l\u2019UBCI et le Lab\u2019ess allient leurs forces pour valoriser les initiatives \u00e0 fort impact social, en g\u00e9n\u00e9rant pour les laur\u00e9ates un accompagnement d\u00e9di\u00e9 dans leurs d\u00e9marches de recherche de financement.<\/p>\n<p>Les deux partenaires comptent poursuivre leur collaboration afin de p\u00e9renniser ce Prix et encourager des jeunes entrepreneur(e)s, capables de g\u00e9n\u00e9rer de nouvelles initiatives en mati\u00e8re d\u2019\u00e9conomie sociale et solidaire, \u00e0 croire en leurs projets et r\u00e9ussir leur r\u00e9alisation.<\/p>\n<p><span class=\"c3\"><strong>A propos du Lab\u2019ess<\/strong><\/span><\/p>\n<p>Le Laboratoire de l\u2019Economie Sociale et Solidaire (Lab\u2019ess) vise \u00e0 contribuer activement au d\u00e9veloppement durable des acteurs de l&rsquo;innovation sociale pour r\u00e9pondre efficacement aux besoins socio-\u00e9conomiques du pays.<\/p>\n<p>La mission du Lab\u2019ess est double. D\u2019une part, il forme, met en avant et accompagne les entrepreneures sociaux(ales) et organisations de la soci\u00e9t\u00e9 civile tunisienne \u00e0 travers un programme d\u2019incubation.<\/p>\n<p>D&rsquo;autre part, il a un r\u00f4le de facilitateur puisqu\u2019il fait en sorte de connecter les diff\u00e9rents acteurs(rices) (soci\u00e9t\u00e9 civile, \u00e9tat et secteur priv\u00e9) afin de cr\u00e9er des synergies favorables au d\u00e9veloppement des projets \u00e0 impact et \u00e0 la(re) connaissance de l\u2019ESS en Tunisie.<\/p>\n<p>Depuis sa cr\u00e9ation, le Lab\u2019ess a form\u00e9 1600 associations \u00e0 Tunis et en r\u00e9gion et a permis l&rsquo;\u00e9mergence et le d\u00e9veloppement de 70 entreprises sociales notamment de jeunes et de femmes et \u00e0 organiser 140 \u00e9v\u00e9nements autour de l\u2019ESS.<\/p>\n<p>L\u2019incubateur social tunisien est \u00e9galement membre du r\u00e9seau international GROUPE SOS Pulse et a co-fond\u00e9 la plateforme Chabaka.tn.<\/p>\n<p><span class=\"c3\"><strong>A propos de l\u2019UBCI<\/strong><\/span><\/p>\n<p>N\u00e9e en 1961, l\u2019UBCI, Filiale du Groupe BNP Paribas, dispose aujourd\u2019hui d\u2019un r\u00e9seau de 103 Agences et 112 GAB op\u00e9rant au c\u0153ur m\u00eame des principaux centres \u00e9conomiques de la Tunisie.<\/p>\n<p>L\u2019UBCI offre une large gamme de produits et de services \u00e0 l&rsquo;attention de sa Client\u00e8le de Particuliers et de Professionnels couvrant leurs diff\u00e9rents univers de besoins en mati\u00e8re de banque au quotidien, de financement de projets, de bancassurance et de gestion patrimoniale.<\/p>\n<p>Au service \u00e9galement de ses Clients Entreprises et Institutionnels, l&rsquo;UBCI se d\u00e9marque notamment par le biais de ses \u00e9quipes sp\u00e9cialis\u00e9es dans les domaines du cash management, des activit\u00e9s de march\u00e9s, de la banque d&rsquo;affaires, du commerce international, de l&rsquo;ing\u00e9nierie financi\u00e8re et du leasing.<\/p>\n<p>Certifi\u00e9e ISO 9001 pour ses activit\u00e9s \u00e0 l\u2019International depuis 2002 et pour ses activit\u00e9s mon\u00e9tiques depuis 2012,l\u2019UBCI porte \u00e9galement une attention particuli\u00e8re aux questions de Responsabilit\u00e9 Sociale et Environnementale en ligne avec la politique du Groupe BNP Paribas.<\/p>\n<p>Pour plus d\u2019information: <a href=\"http:\/\/www.ubci.tn\" target=\"_blank\" rel=\"noopener\">www.ubci.tn<\/a><\/p>\n<p>Auteur:<br \/>\n<a href=\"https:\/\/www.leaders.com.tn\/article\/31557-l-ubci-et-l-incubateur-lab-ess-decernent-le-prix-de-l-entrepreneure-sociale-de-l-annee\">Cliquez ici pour lire l&rsquo;article depuis sa source.<\/a><\/p>\n","protected":false},"excerpt":{"rendered":"<p>Pour la troisi\u00e8me ann\u00e9e cons\u00e9cutive, l\u2019acc\u00e9l\u00e9rateur d\u2019innovation sociale \u00abLab\u2019ESS\u00bb et la banque \u00abUBCI\u00bb viennent de d\u00e9cerner le prix de l\u2019entrepreneur(e) social(e) \u00e0 3 femmes pers\u00e9v\u00e9rantes, qui oeuvrent pour d\u00e9velopper une consommation plus responsable, la sensibilisation \u00e0 l&rsquo;\u00e9cologie et la mobilit\u00e9 douce en Tunisie. AAu terme d\u2019une matin\u00e9e de pr\u00e9sentation de leur projet par les 7 [&hellip;]<\/p>\n","protected":false},"author":1772,"featured_media":0,"comment_status":"closed","ping_status":"closed","sticky":false,"template":"","format":"standard","meta":{"fifu_image_url":"\/uploads\/FCK_files\/UBCI4.jpg","fifu_image_alt":"L\u2019UBCI et l\u2019incubateur lab\u2019ess d\u00e9cernent le prix de l\u2019entrepreneur(e) social(e) de l\u2019ann\u00e9e","footnotes":""},"categories":[73,55],"tags":[],"class_list":["post-112881","post","type-post","status-publish","format-standard","hentry","category-actualite","category-tunisie"],"_links":{"self":[{"href":"https:\/\/linitiative.ca\/International\/wp-json\/wp\/v2\/posts\/112881","targetHints":{"allow":["GET"]}}],"collection":[{"href":"https:\/\/linitiative.ca\/International\/wp-json\/wp\/v2\/posts"}],"about":[{"href":"https:\/\/linitiative.ca\/International\/wp-json\/wp\/v2\/types\/post"}],"author":[{"embeddable":true,"href":"https:\/\/linitiative.ca\/International\/wp-json\/wp\/v2\/users\/1772"}],"replies":[{"embeddable":true,"href":"https:\/\/linitiative.ca\/International\/wp-json\/wp\/v2\/comments?post=112881"}],"version-history":[{"count":0,"href":"https:\/\/linitiative.ca\/International\/wp-json\/wp\/v2\/posts\/112881\/revisions"}],"wp:attachment":[{"href":"https:\/\/linitiative.ca\/International\/wp-json\/wp\/v2\/media?parent=112881"}],"wp:term":[{"taxonomy":"category","embeddable":true,"href":"https:\/\/linitiative.ca\/International\/wp-json\/wp\/v2\/categories?post=112881"},{"taxonomy":"post_tag","embeddable":true,"href":"https:\/\/linitiative.ca\/International\/wp-json\/wp\/v2\/tags?post=112881"}],"curies":[{"name":"wp","href":"https:\/\/api.w.org\/{rel}","templated":true}]}}