{"id":112883,"date":"2021-03-10T15:23:00","date_gmt":"2021-03-10T20:23:00","guid":{"rendered":"https:\/\/linitiative.ca\/International\/covid-19-redevenir-humain-apres-le-confinement\/"},"modified":"2021-03-10T15:23:00","modified_gmt":"2021-03-10T20:23:00","slug":"covid-19-redevenir-humain-apres-le-confinement","status":"publish","type":"post","link":"https:\/\/linitiative.ca\/International\/covid-19-redevenir-humain-apres-le-confinement\/","title":{"rendered":"Covid 19: Redevenir humain apr\u00e8s le confinement"},"content":{"rendered":"<p><span class=\"c2\"><em><strong><img decoding=\"async\" src=\"\/uploads\/FCK_files\/Badi Ben Ghachem.jpg\" width=\"20%\" vspace=\"5\" hspace=\"5\" align=\"left\" alt=\"\"\/>Par<\/strong> <strong>Badie ben Ghachem-<\/strong><\/em><\/span> Priv\u00e9 de ses habitudes, l\u2019\u00eatre humain est vou\u00e9 au \u00ab\u00a0que faire\u00a0\u00bb. Il sent le privil\u00e8ge d&rsquo;avoir\u00a0 du temps libre se transformer en difficult\u00e9 de supporter sa libert\u00e9.<\/p>\n<p>N\u2019est-il pas merveilleux que par un hasard extraordinaire, les organismes vivants aient trouv\u00e9 sur terre les conditions id\u00e9ales pour se d\u00e9velopper depuis des milliards d\u2019ann\u00e9es: la bonne temp\u00e9rature, la bonne distance par rapport au soleil, la bonne eau, le bon air. Cette terre qui a favoris\u00e9e notre d\u00e9veloppement, c\u2019est les humains qui l\u2019ont fa\u00e7onn\u00e9e en fonction de leurs projets.<\/p>\n<p>L\u2019id\u00e9e d\u2019environnement n\u2019a pas de sens puisque on ne peut jamais distinguer un organisme de ce qui l\u2019entoure. Tout concourt \u00e0 notre respiration\u2026<\/p>\n<p>Depuis le confinement les humains sont sous le \u00ab choc \u00bb. Ils ont, enfin, pris conscience que la temp\u00e9rature de la bulle d\u2019air conditionn\u00e9e \u00e0 l\u2019int\u00e9rieur de laquelle ils r\u00e9sident d\u00e9pend de leur action. Cette bulle d\u2019air est le v\u00e9ritable confinement, ce destin que nous nous sommes collectivement choisi, sans y penser.<\/p>\n<p>Pendant le confinement, nous avons pu faire l\u2019exp\u00e9rience, du moins pour les plus privil\u00e9gi\u00e9s d\u2019entre nous, que, m\u00eame si nous n\u2019\u00e9tions pas autoris\u00e9s \u00e0 sortir de nos appartements, nous avions n\u00e9anmoins acc\u00e8s, par le truchement des \u00ab moyens de communication \u00bb \u00e0 un autre monde de films, de Skype, Facebook et autres. Les savants, eux, acc\u00e8dent \u00e0 la compr\u00e9hension de l\u2019Univers par le biais d\u2019instruments, de capteurs, de sondes\u2026autrement sophistiqu\u00e9s.\u00a0 Ils sont coll\u00e9s \u00e0 leur bureau o\u00f9\u00a0 ils contemplent l\u2019\u00e9cran o\u00f9 scintillent leurs donn\u00e9es. Nous sommes tous, pour prendre une expression que le confinement a popularis\u00e9e en \u00ab t\u00e9l\u00e9travail \u00bb c.\u00e0.d. \u00e0 distance de la chose dont on parle.<\/p>\n<p>Se rep\u00e9rer dans le monde, aujourd\u2019hui, est incroyable. On part de l\u2019univers, on passe par la voie lact\u00e9e, puis par le syst\u00e8me solaire, avant de survoler la terre, de faire coulisser Google Earth jusqu\u2019en Tunisie avant d\u2019arriver au- dessus de Tunis, sur le quartier, la rue, bient\u00f4t l\u2019immeuble en face du parc. A la fin de ce survol, la localisation de ma famille est peut-\u00eatre compl\u00e8te sans compter les \u00ab r\u00e9seaux sociaux \u00bb ! En comparaison avec ces immensit\u00e9s, les pauvres g\u00e9niteurs d\u2019Aziz et Khalil sont r\u00e9duits \u00e0 un point, moins qu\u2019un point un pixel qui clignote sur un \u00e9cran. Dr\u00f4le de fa\u00e7on de se rep\u00e9rer.\u00a0<\/p>\n<p>Localiser \u00e0 l\u2019ancienne, les parents de Aziz et Khalil c\u2019est dire qu\u2019ils\u00a0 sont \u00e0 l\u2019\u00e9troit dans leur cit\u00e9, r\u00e9duits \u00e0 leur corps, confin\u00e9s dans leur petit moi, \u00e0 \u00e9mettre comme Ismail des borborygmes ou parlant une langue qu\u2019ils ne veulent plus entendre.<br \/>Si les terrestres\u00a0 se trouvent un \u00ab air de famille \u00bb c\u2019est qu\u2019ils ont tous,\u00a0 ou qu\u2019ils ont tous eu jadis, ce qu\u2019on pourrait appeler des soucis d\u2019\u00ab origine \u00bb. Il en fut de m\u00eame des r\u00e9cifs de coraux devenus calcaires. Une petite diff\u00e9rence entre un pr\u00e9d\u00e9cesseur et un successeur, permet de construire, de proche en proche quelque chose comme une g\u00e9n\u00e9alogie qui autorise chacun de nous \u00e0 remonter vers son origine comme un saumon remonte le fleuve, puis la rivi\u00e8re puis le trou d\u2019eau ou il est n\u00e9.<\/p>\n<p>On s\u2019aper\u00e7oit, petit \u00e0 petit, que le mot \u00ab Terre \u00bb ne d\u00e9signe pas une plan\u00e8te parmi d\u2019autres mais un lieu qui rassemble tous les existants qui ont un air de famille parce qu\u2019ils ont une origine commune et qu\u2019ils se sont r\u00e9pandus, m\u00e9lang\u00e9s en transformant de fond en comble leurs conditions initiales par leurs inventions successives.<\/p>\n<p>Nous ne vivons plus dans le m\u00eame monde. Le monde mat\u00e9riel, \u00ab artificiel \u00bb sinon \u00ab inhumain \u00bb\u00a0 d\u2019avant le confinement avec ses voitures, ses usines, ses machines, son \u00e9levage intensif bref la \u00ab vie moderne \u00bb &#8211; o\u00f9 ils y entassent des choses inertes qui s\u2019\u00e9tendent \u00e0 l\u2019infini et dont ils ne savent pas trop quoi en faire)- n\u2019est plus celui d\u2019aujourd\u2019hui.<\/p>\n<p>Ce serait commode de dire que la g\u00e9n\u00e9ration des parents voit la mort partout et que la g\u00e9n\u00e9ration suivante voit la \u00ab vie \u00bb partout. En fait, les ascendants et les descendants seront jug\u00e9s selon la f\u00e9condit\u00e9 ou la st\u00e9rilit\u00e9\u00a0 des liens\u00a0 qu\u2019ils entretiennent\u00a0 avec le pass\u00e9. Le sujet moderne ne peut aller que de l\u2019avant, quelles qu\u2019en soient les cons\u00e9quences. Le mot \u00ab tradition \u00bb ne nous effraie plus, nous y voyons un synonyme de la capacit\u00e9 d\u2019inventer, de transmettre et donc de durer.<\/p>\n<p>Par la dure \u00e9preuve du confinement, les terrestres devinent maintenant o\u00f9 ils sont, ils se rep\u00e8rent de mieux en mieux, ils ont invent\u00e9 pour se d\u00e9placer une mesure \u00e0 eux : l\u2019exploration m\u00e9ticuleuse de ce\u00a0 dont ils d\u00e9pendent.<\/p>\n<p>Comment faire de cette terre une base cr\u00e9dible alors qu\u2019elle est d\u00e9j\u00e0 appropri\u00e9e en territoires par ceux qui sont en train de se la partager apr\u00e8s avoir\u00a0 d\u00e9mantel\u00e9, ce qu\u2019on appelait l\u2019\u00ab ordre international \u00bb, en autant de nations juxtapos\u00e9es sans autre id\u00e9al commun que la guerre de tous contre tous ? D\u2019o\u00f9 l\u2019impression qu\u2019on ne sort d\u2019un confinement que pour rentrer dans un nouveau cauchemar.<\/p>\n<p>Il y a la plan\u00e8te \u00ab\u00a0 Globalisation \u00bb qui continue d\u2019attirer ceux qui esp\u00e8rent en effet pouvoir se moderniser \u00e0 l\u2019ancienne, quelle que soit la disparition progressive de la terre sur laquelle ils vivent : Etre \u00ab humain \u00bb c\u2019est demeurer indiff\u00e9rent au sort de la plan\u00e8te. Alors qu\u2019au vingti\u00e8me si\u00e8cle cette globalisation dessinait l\u2019horizon commun.<\/p>\n<p>Faire l\u2019apprentissage du confinement, c\u2019est essayer d\u2019en tirer les le\u00e7ons pour la suite, comme si le Covid pouvait servir de r\u00e9p\u00e9tition g\u00e9n\u00e9rale, d\u2019un nouveau confinement par une autre panique devant une autre menace.<\/p>\n<p>Nous voulons respirer comme avant, alors m\u00eame\u00a0 que ceux qui pr\u00e9tendent \u00ab continuer comme avant \u00bb nous \u00e9touffent. C\u2019est tout le syst\u00e8me respiratoire plan\u00e9taire qui se trouve perturb\u00e9 et \u00e0 toutes les \u00e9chelles qu\u2019il s\u2019agisse du masque derri\u00e8re lequel nous haletons, aussi bien que la fum\u00e9e des incendies, des gaz lacrymog\u00e8nes ou\u00a0 de l\u2019\u00e9l\u00e9vation de la temp\u00e9rature. Le cri est unanime : \u00ab Nous \u00e9touffons \u00bb. Oui nous \u00e9touffons derri\u00e8re nos masques, c\u2019est vrai, mais nous allons peut-\u00eatre enfin prendre une autre forme !<br \/>La multiplicit\u00e9 des controverses qu\u2019on appelle \u00ab environnementales \u00bb sur chaque participant d\u2019un monde qui n\u2019est plus du tout commun : viande, for\u00eat, \u00e9olienne, vaccins, voiture, pesticide, poisson\u2026 tout est d\u00e9sormais mati\u00e8re \u00e0 conflits. Pendant les deux si\u00e8cles pr\u00e9c\u00e9dents un d\u00e9cor organisait le conflit des riches et des pauvres, conflit rendu plus pr\u00e9cis par la distinction faite entre les prol\u00e9taires et les capitalistes. Le conflit actuel mobilise bien au-del\u00e0 des seuls humains. Il a le monde pour enjeu. Ce qui oblige pour chaque enjeu \u00e0 redessiner les lignes de front, \u00e0 tisser d\u2019autres alliances et \u00e0 revoir les anciennes.<\/p>\n<p>L\u2019ancien cadre d\u00e9pendait de l\u2019Economie puisque c\u2019\u00e9tait par la position dans le \u00ab syst\u00e8me de production \u00bb que se rep\u00e9raient les injustices. Mais dans ces nouvelles \u00e9tranges batailles, l\u2019\u00e9conomie n\u2019est plus qu\u2019un voile superficiel. Pendant que nous c\u00e9l\u00e9brions\u00a0 en 1989 la \u00ab victoire contre le communisme \u00bb avec la chute du mur de Berlin une r\u00e9volution s\u2019est produite sous nos pieds. Ce qui rend toutes les batailles actuelles si \u00e9tranges, c\u2019est une guerre \u00e0 mort qu\u2019on est incapable d\u2019organiser en imaginant la victoire d\u2019un camp sur l\u2019autre et remplacer ce monde par un autre.<\/p>\n<p>Nous sommes oblig\u00e9s de reconna\u00eetre que gr\u00e2ce \u00e0 cette \u00e9preuve (confinement \u00e0 r\u00e9p\u00e9tition) on aspire \u00e0 redevenir des humains \u00e0 l\u2019ancienne en voie vers le progr\u00e8s, respirant \u00e0 plein poumon, en pleine nature. Alors qu\u2019on \u00e9tait insensible\u00a0 \u00e0 la question climatique. Maintenant qu\u2019elle est bien l\u00e0 comment y r\u00e9agir ?<\/p>\n<p class=\"c3\"><strong>Badie ben Ghachem<\/strong><br \/>\u00a0<\/p>\n<p>Auteur:<br \/>\n<a href=\"https:\/\/www.leaders.com.tn\/article\/31559-covid-19-redevenir-humain-apres-le-confinement\">Cliquez ici pour lire l&rsquo;article depuis sa source.<\/a><\/p>\n","protected":false},"excerpt":{"rendered":"<p>Par Badie ben Ghachem- Priv\u00e9 de ses habitudes, l\u2019\u00eatre humain est vou\u00e9 au \u00ab\u00a0que faire\u00a0\u00bb. Il sent le privil\u00e8ge d&rsquo;avoir\u00a0 du temps libre se transformer en difficult\u00e9 de supporter sa libert\u00e9. N\u2019est-il pas merveilleux que par un hasard extraordinaire, les organismes vivants aient trouv\u00e9 sur terre les conditions id\u00e9ales pour se d\u00e9velopper depuis des milliards [&hellip;]<\/p>\n","protected":false},"author":1772,"featured_media":0,"comment_status":"closed","ping_status":"closed","sticky":false,"template":"","format":"standard","meta":{"fifu_image_url":"\/uploads\/FCK_files\/Badi Ben Ghachem.jpg","fifu_image_alt":"Covid 19: Redevenir humain apr\u00e8s le confinement","footnotes":""},"categories":[73,55],"tags":[],"class_list":["post-112883","post","type-post","status-publish","format-standard","hentry","category-actualite","category-tunisie"],"_links":{"self":[{"href":"https:\/\/linitiative.ca\/International\/wp-json\/wp\/v2\/posts\/112883","targetHints":{"allow":["GET"]}}],"collection":[{"href":"https:\/\/linitiative.ca\/International\/wp-json\/wp\/v2\/posts"}],"about":[{"href":"https:\/\/linitiative.ca\/International\/wp-json\/wp\/v2\/types\/post"}],"author":[{"embeddable":true,"href":"https:\/\/linitiative.ca\/International\/wp-json\/wp\/v2\/users\/1772"}],"replies":[{"embeddable":true,"href":"https:\/\/linitiative.ca\/International\/wp-json\/wp\/v2\/comments?post=112883"}],"version-history":[{"count":0,"href":"https:\/\/linitiative.ca\/International\/wp-json\/wp\/v2\/posts\/112883\/revisions"}],"wp:attachment":[{"href":"https:\/\/linitiative.ca\/International\/wp-json\/wp\/v2\/media?parent=112883"}],"wp:term":[{"taxonomy":"category","embeddable":true,"href":"https:\/\/linitiative.ca\/International\/wp-json\/wp\/v2\/categories?post=112883"},{"taxonomy":"post_tag","embeddable":true,"href":"https:\/\/linitiative.ca\/International\/wp-json\/wp\/v2\/tags?post=112883"}],"curies":[{"name":"wp","href":"https:\/\/api.w.org\/{rel}","templated":true}]}}