{"id":112887,"date":"2021-03-10T05:00:00","date_gmt":"2021-03-10T10:00:00","guid":{"rendered":"https:\/\/linitiative.ca\/International\/algerien-detat-mental-et-cardiaque-et-pas-detat-civil\/"},"modified":"2021-03-10T05:00:00","modified_gmt":"2021-03-10T10:00:00","slug":"algerien-detat-mental-et-cardiaque-et-pas-detat-civil","status":"publish","type":"post","link":"https:\/\/linitiative.ca\/International\/algerien-detat-mental-et-cardiaque-et-pas-detat-civil\/","title":{"rendered":"Alg\u00e9rien d\u2019\u00e9tat mental et cardiaque, et pas d\u2019\u00e9tat civil !"},"content":{"rendered":"<p class=\"c3\">Djidji : \u00ab L\u2019argent sale n\u2019a pas sa place chez nous ! \u00bb Oui ! On s\u2019en \u00e9tait rendu compte.<\/p>\n<p class=\"c3\"><strong>Il a \u00e9t\u00e9 plac\u00e9 ailleurs !<\/strong><\/p>\n<p class=\"c3\">J\u2019ai le c\u0153ur alg\u00e9rien. J\u2019ai l\u2019\u00e2me alg\u00e9rienne. J\u2019ai la \u00abkebda \u00bb alg\u00e9rienne. J\u2019ai la sueur alg\u00e9rienne. J\u2019ai le rire alg\u00e9rien. J\u2019ai la larme alg\u00e9rienne. J\u2019ai le \u00ab bouzenzel \u00bb alg\u00e9rien lorsqu\u2019on \u00ab m\u00e9lange dans moi \u00bb. J\u2019ai la tendresse alg\u00e9rienne. J\u2019ai l\u2019ADN alg\u00e9rienne de la queue pour le lait. J\u2019ai le lever preste alg\u00e9rien pour c\u00e9der ma place \u00e0 une femme ou \u00e0 un homme \u00e2g\u00e9 ou un handicap\u00e9, dans le tram. J\u2019ai la critique alg\u00e9rienne que je d\u00e9gaine plus vite que l\u2019ombre de Lucky Luke. J\u2019ai cette souplesse alg\u00e9rienne pour m\u2019accroupir, ramasser un quignon de pain jet\u00e9 par terre et le mettre \u00e0 l\u2019abri des souillures. J\u2019ai la boulimie alg\u00e9rienne qui me fera encore acheter ce Ramadhan le double du n\u00e9cessaire de pain, pour ensuite le mettre \u00e0 la poubelle. J\u2019ai la palpitation alg\u00e9rienne au moindre crochet d\u00e9vastateur de Mehraz. J\u2019ai l\u2019accolade alg\u00e9rienne qui gicle facile. J\u2019ai le tactile alg\u00e9rien qui est, quoi qu\u2019en disent et pr\u00e9tendent les Italiens, le plus fort du monde et m\u00eame de Mars. J\u2019ai la faconde alg\u00e9rienne. J\u2019ai le terrible silence alg\u00e9rien. J\u2019ai la bipolarit\u00e9 alg\u00e9rienne qui me fait gueuler sur la sardine \u00e0 1 200 dinars, mais me confine ensuite dans la cuisine \u00e0 mitonner en douce une \u00ab s\u2019kabedj \u00bb. J\u2019ai le gobelet alg\u00e9rien que je balance dans le jardin public. J\u2019ai la force alg\u00e9rienne qui me fait ramasser les ordures et d\u00e9tritus apr\u00e8s une journ\u00e9e de marche citoyenne avec le sourire. J\u2019ai le regard alg\u00e9rien qui adore jouer \u00e0 qui baissera les yeux le premier, duel plus \u00e9pique que dans \u00ab R\u00e8glement de compte \u00e0 OK Corail \u00bb. J\u2019ai les yeux qui fondent comme cire quand ma compagne me dit \u00ab N\u2019habbek\u00bb, avec deux B ! Je suis alg\u00e9rien jusqu\u2019au bout de l\u2019ongle de ma fille. Je suis alg\u00e9rien, Ya Bouguelb ! Ici ! L\u00e0-bas. Et m\u00eame sur l\u2019ISS, la Station Spatiale Internationale qui vadrouille en orbite terrestre. Alors, tu vois, ta nationalit\u00e9 circonscrite sur un p\u2019tit badge puc\u00e9, je m\u2019en tape un chou\u00efa. Aucune commune, aucune APC, aucune da\u00efra, aucune wilaya et aucun commis ministr\u00e9 ne pourra \u00e9touffer mon alg\u00e9rianit\u00e9 dans un S12, un S13, un S ce que tu veux ! J\u2019ai l\u2019Alg\u00e9rie enfouie en moi comme un tsunami permanent. Je suis alg\u00e9rien, et les palpitations de ce c\u0153ur alg\u00e9rien sont tellement plus fortes qu\u2019un \u00e9tat civil et que toutes les d\u00e9ch\u00e9ances que signeront des ronds-de-cuir ! Et par-dessus-tout, je suis alg\u00e9rien, parce que quotidiennement, je fume du th\u00e9 pour rester \u00e9veill\u00e9 \u00e0 ce cauchemar alg\u00e9rien qui continue.<br \/><em><strong>H. L.<\/strong><\/em><\/p>\n<p>Auteur:<br \/>\n<a href=\"https:\/\/www.lesoirdalgerie.com\/pousse-avec-eux\/algerien-detat-mental-et-cardiaque-et-pas-detat-civil-57633\">Cliquez ici pour lire l&rsquo;article depuis sa source.<\/a><\/p>\n","protected":false},"excerpt":{"rendered":"<p>Djidji : \u00ab L\u2019argent sale n\u2019a pas sa place chez nous ! \u00bb Oui ! On s\u2019en \u00e9tait rendu compte. Il a \u00e9t\u00e9 plac\u00e9 ailleurs ! J\u2019ai le c\u0153ur alg\u00e9rien. J\u2019ai l\u2019\u00e2me alg\u00e9rienne. J\u2019ai la \u00abkebda \u00bb alg\u00e9rienne. J\u2019ai la sueur alg\u00e9rienne. J\u2019ai le rire alg\u00e9rien. J\u2019ai la larme alg\u00e9rienne. J\u2019ai le \u00ab bouzenzel \u00bb [&hellip;]<\/p>\n","protected":false},"author":1741,"featured_media":0,"comment_status":"closed","ping_status":"closed","sticky":false,"template":"","format":"standard","meta":{"fifu_image_url":"","fifu_image_alt":"","footnotes":""},"categories":[73,53],"tags":[],"class_list":["post-112887","post","type-post","status-publish","format-standard","hentry","category-actualite","category-algerie"],"_links":{"self":[{"href":"https:\/\/linitiative.ca\/International\/wp-json\/wp\/v2\/posts\/112887","targetHints":{"allow":["GET"]}}],"collection":[{"href":"https:\/\/linitiative.ca\/International\/wp-json\/wp\/v2\/posts"}],"about":[{"href":"https:\/\/linitiative.ca\/International\/wp-json\/wp\/v2\/types\/post"}],"author":[{"embeddable":true,"href":"https:\/\/linitiative.ca\/International\/wp-json\/wp\/v2\/users\/1741"}],"replies":[{"embeddable":true,"href":"https:\/\/linitiative.ca\/International\/wp-json\/wp\/v2\/comments?post=112887"}],"version-history":[{"count":0,"href":"https:\/\/linitiative.ca\/International\/wp-json\/wp\/v2\/posts\/112887\/revisions"}],"wp:attachment":[{"href":"https:\/\/linitiative.ca\/International\/wp-json\/wp\/v2\/media?parent=112887"}],"wp:term":[{"taxonomy":"category","embeddable":true,"href":"https:\/\/linitiative.ca\/International\/wp-json\/wp\/v2\/categories?post=112887"},{"taxonomy":"post_tag","embeddable":true,"href":"https:\/\/linitiative.ca\/International\/wp-json\/wp\/v2\/tags?post=112887"}],"curies":[{"name":"wp","href":"https:\/\/api.w.org\/{rel}","templated":true}]}}