{"id":112889,"date":"2021-03-10T07:43:07","date_gmt":"2021-03-10T12:43:07","guid":{"rendered":"https:\/\/linitiative.ca\/International\/coronavirus-le-vaccin-pfizer-efficace-contre-le-variant-bresilien-etude\/"},"modified":"2021-03-10T07:43:07","modified_gmt":"2021-03-10T12:43:07","slug":"coronavirus-le-vaccin-pfizer-efficace-contre-le-variant-bresilien-etude","status":"publish","type":"post","link":"https:\/\/linitiative.ca\/International\/coronavirus-le-vaccin-pfizer-efficace-contre-le-variant-bresilien-etude\/","title":{"rendered":"Coronavirus : le vaccin Pfizer efficace contre le variant br\u00e9silien [\u00c9tude]"},"content":{"rendered":"<p><strong>\u00a0Le vaccin anti-Covid-19 Pfizer-BioNTech semble \u00eatre tr\u00e8s efficace contre un variant plus contagieux du virus d\u00e9couvert pour la premi\u00e8re fois au Br\u00e9sil, selon une nouvelle \u00e9tude.<\/strong><\/p>\n<div class=\"c10\">\n<\/div>\n<p>La neutralisation du variant br\u00e9silien, connu sous le nom de P.1, \u00e9tait \u00ab\u00a0\u00e0 peu pr\u00e8s \u00e9quivalente\u00a0\u00bb \u00e0 la souche originale du virus, contre laquelle le vaccin Pfizer s\u2019est r\u00e9v\u00e9l\u00e9 efficace \u00e0 hauteur de 95%, indique l\u2019\u00e9tude publi\u00e9e dans le \u00ab\u00a0New England Journal of Medicine\u00a0\u00bb aux Etats-Unis.<\/p>\n<p>Le variant P.1 s\u2019est rapidement r\u00e9pandu au Br\u00e9sil depuis son apparition d\u00e9but janvier, r\u00e9infectant les personnes d\u00e9j\u00e0 atteintes de Covid-19. Selon les Centres am\u00e9ricains de contr\u00f4le et de pr\u00e9vention des maladies (CDC), seuls 15 cas de la souche br\u00e9silienne ont \u00e9t\u00e9 identifi\u00e9s dans neuf \u00c9tats du pays.<\/p>\n<p><strong>Lire aussi|<\/strong><a href=\"https:\/\/www.challenge.ma\/rokote-laboratories-finland-se-rapproche-du-lancement-sur-le-marche-de-son-vaccin-nasal-contre-le-covid-19-177603\/\"><strong>Rokote Laboratories Finland se rapproche du lancement sur le march\u00e9 de son vaccin nasal contre le covid-19<\/strong><\/a><\/p>\n<p>L\u2019\u00e9tude a \u00e9galement r\u00e9v\u00e9l\u00e9 une forte neutralisation du variant B.1.1.7, identifi\u00e9 pour la premi\u00e8re fois au Royaume-Uni. Le variant B.1.351, identifi\u00e9 pour la premi\u00e8re fois en Afrique du Sud, est consid\u00e9r\u00e9 comme le plus dangereux, en raison de sa capacit\u00e9 potentielle \u00e0 affaiblir, dans une certaine mesure, l\u2019efficacit\u00e9 des vaccins. L\u2019\u00e9tude a montr\u00e9 que la neutralisation de ce variant \u00e9tait \u00ab\u00a0robuste mais plus faible\u00a0\u00bb. \u00ab\u00a0Nous constatons une forte activit\u00e9 neutralisante contre toutes les souches test\u00e9es, y compris la P.1 qui se r\u00e9pand si rapidement au Br\u00e9sil\u00a0\u00bb, a indiqu\u00e9 dans un tweet Carl Bergstrom, professeur de biologie \u00e0 l\u2019universit\u00e9 de Washington, en r\u00e9ponse \u00e0 cette \u00e9tude. \u00ab\u00a0Bien que l\u2019activit\u00e9 soit r\u00e9duite contre la souche B.1.351 d\u2019Afrique du Sud, elle n\u2019en demeure pas moins tr\u00e8s impressionnante\u00a0\u00bb, explique-t-il.<\/p>\n<p><strong>Lire aussi|<a href=\"https:\/\/www.challenge.ma\/lindice-des-paradis-fiscaux-2021-les-multinationales-a-la-loupe-177523\/\">L\u2019indice des paradis fiscaux 2021 : les multinationales \u00e0 la loupe !<\/a><\/strong><\/p>\n<p>Les auteurs de l\u2019\u00e9tude ont averti que leurs r\u00e9sultats sont bas\u00e9s sur une analyse en laboratoire et doivent encore \u00eatre valid\u00e9s par des donn\u00e9es tir\u00e9es du monde r\u00e9el. La nouvelle \u00e9tude du vaccin produit par la soci\u00e9t\u00e9 am\u00e9ricaine Pfizer et son partenaire allemand BioNTech a \u00e9t\u00e9 men\u00e9e par des scientifiques des deux soci\u00e9t\u00e9s et des chercheurs de la branche m\u00e9dicale de l\u2019universit\u00e9 du Texas. Elle intervient alors que les experts de la sant\u00e9 publique avertissent que les variants les plus transmissibles pourraient entra\u00eener une nouvelle hausse de cas de Covid-19.<\/p>\n<p>Avec MAP<\/p>\n<p>Auteur: challenge<br \/>\n<a href=\"https:\/\/www.challenge.ma\/coronavirus-le-vaccin-pfizer-efficace-contre-le-variant-bresilien-etude-177596\/\">Cliquez ici pour lire l&rsquo;article depuis sa source.<\/a><\/p>\n","protected":false},"excerpt":{"rendered":"<p>\u00a0Le vaccin anti-Covid-19 Pfizer-BioNTech semble \u00eatre tr\u00e8s efficace contre un variant plus contagieux du virus d\u00e9couvert pour la premi\u00e8re fois au Br\u00e9sil, selon une nouvelle \u00e9tude. La neutralisation du variant br\u00e9silien, connu sous le nom de P.1, \u00e9tait \u00ab\u00a0\u00e0 peu pr\u00e8s \u00e9quivalente\u00a0\u00bb \u00e0 la souche originale du virus, contre laquelle le vaccin Pfizer s\u2019est r\u00e9v\u00e9l\u00e9 [&hellip;]<\/p>\n","protected":false},"author":1787,"featured_media":0,"comment_status":"closed","ping_status":"closed","sticky":false,"template":"","format":"standard","meta":{"fifu_image_url":"","fifu_image_alt":"","footnotes":""},"categories":[78,54],"tags":[],"class_list":["post-112889","post","type-post","status-publish","format-standard","hentry","category-economie","category-maroc"],"_links":{"self":[{"href":"https:\/\/linitiative.ca\/International\/wp-json\/wp\/v2\/posts\/112889","targetHints":{"allow":["GET"]}}],"collection":[{"href":"https:\/\/linitiative.ca\/International\/wp-json\/wp\/v2\/posts"}],"about":[{"href":"https:\/\/linitiative.ca\/International\/wp-json\/wp\/v2\/types\/post"}],"author":[{"embeddable":true,"href":"https:\/\/linitiative.ca\/International\/wp-json\/wp\/v2\/users\/1787"}],"replies":[{"embeddable":true,"href":"https:\/\/linitiative.ca\/International\/wp-json\/wp\/v2\/comments?post=112889"}],"version-history":[{"count":0,"href":"https:\/\/linitiative.ca\/International\/wp-json\/wp\/v2\/posts\/112889\/revisions"}],"wp:attachment":[{"href":"https:\/\/linitiative.ca\/International\/wp-json\/wp\/v2\/media?parent=112889"}],"wp:term":[{"taxonomy":"category","embeddable":true,"href":"https:\/\/linitiative.ca\/International\/wp-json\/wp\/v2\/categories?post=112889"},{"taxonomy":"post_tag","embeddable":true,"href":"https:\/\/linitiative.ca\/International\/wp-json\/wp\/v2\/tags?post=112889"}],"curies":[{"name":"wp","href":"https:\/\/api.w.org\/{rel}","templated":true}]}}