{"id":112890,"date":"2021-03-10T10:08:47","date_gmt":"2021-03-10T15:08:47","guid":{"rendered":"https:\/\/linitiative.ca\/International\/50-femmes-qui-comptent-nouzha-bouchareb-ministre-de-lamenagement-du-territoire-national-de-lurbanisme-de-lhabitat-et-de-la-politique-de-la-ville\/"},"modified":"2021-03-10T10:08:47","modified_gmt":"2021-03-10T15:08:47","slug":"50-femmes-qui-comptent-nouzha-bouchareb-ministre-de-lamenagement-du-territoire-national-de-lurbanisme-de-lhabitat-et-de-la-politique-de-la-ville","status":"publish","type":"post","link":"https:\/\/linitiative.ca\/International\/50-femmes-qui-comptent-nouzha-bouchareb-ministre-de-lamenagement-du-territoire-national-de-lurbanisme-de-lhabitat-et-de-la-politique-de-la-ville\/","title":{"rendered":"50 femmes qui comptent : Nouzha Bouchareb, Ministre de l\u2019Am\u00e9nagement du Territoire National de l\u2019Urbanisme, de l\u2019Habitat et de la Politique de la Ville"},"content":{"rendered":"<p><strong>Pour nous, il ne s\u2019agit pas de c\u00e9l\u00e9brer la journ\u00e9e de la femme, comme un cadeau annuel fait \u00e0 la gente f\u00e9minine. C\u2019est plut\u00f4t l\u2019occasion de faire le point sur un combat essentiel, celui de l\u2019\u00e9mancipation de la moiti\u00e9 de la population et l\u2019\u00e9valuation de son apport aux transformations sociales, ce que l\u2019on appelle commun\u00e9ment d\u00e9veloppement et qui ne se r\u00e9sume pas aux quantifications \u00e9conomiques. Pour cela, nous avons choisi de mettre en avant un riche panel, \u00e0 travers\u00a0ces portraits repr\u00e9sentatifs de cette g\u00e9n\u00e9ration de femmes qui s\u2019assument. Un portrait \u00e0 d\u00e9couvrir :<\/strong> <strong>Nouzha Bouchareb, Ministre de l\u2019Am\u00e9nagement du Territoire National de l\u2019Urbanisme, de l\u2019Habitat et de la Politique de la Ville<\/strong>.<\/p>\n<div class=\"c10\">\n<\/div>\n<p>Nomm\u00e9e le 9 octobre 2019 au poste de Ministre de l\u2019Am\u00e9nagement du Territoire National, de l\u2019Urbanisme, de l\u2019Habitat et de la Politique de la Ville, Nouzha Bouchareb fait partie des ministres les plus actifs du gouvernement. Logements sociaux, am\u00e9lioration du cadre de vie des Marocains, habitats mena\u00e7ant ruine\u2026 elle est sur des dossiers chauds qui touchent directement le quotidien des citoyens.<\/p>\n<p>Nouzha Bouchareb ne m\u00e9nage d\u2019ailleurs aucun effort pour faire avancer ces diff\u00e9rents dossiers. Titulaire d\u2019un Doctorat de l\u2019Ecole Mohammadia d\u2019Ing\u00e9nieurs, sp\u00e9cialit\u00e9 Environnement et D\u00e9veloppement Territorial, elle est \u00e9galement laur\u00e9ate de l\u2019ISCAE, de l\u2019Universit\u00e9 Mohammed V (sp\u00e9cialit\u00e9 Gestion des Ressources en Eau) et elle est dipl\u00f4m\u00e9e de l\u2019Acad\u00e9mie de \u00ab Leadership \u00bb Allemande (Gestion Publique et Leadership).<\/p>\n<p><strong>Lire aussi |<\/strong><a href=\"https:\/\/www.challenge.ma\/50-femmes-qui-comptent-selma-meryem-benslimane-directrice-qualite-securite-de-linformation-chez-maroc-telecom-177458\/\"><strong>50 femmes qui comptent : Selma Meryem Benslimane, Directrice Qualit\u00e9 &amp; S\u00e9curit\u00e9 de l\u2019Information chez Maroc Telecom<\/strong><\/a><\/p>\n<p>Avant sa nomination, elle a occup\u00e9 plusieurs postes en tant que Directrice G\u00e9n\u00e9rale d\u2019un groupement de soci\u00e9t\u00e9s sp\u00e9cialis\u00e9 en Consulting et Ing\u00e9nierie, consultante, pour la r\u00e9alisation de plusieurs \u00e9tudes strat\u00e9giques et programmes de d\u00e9veloppement sectoriels, pour le compte de nombreuses administrations minist\u00e9rielles et \u00e9galement Experte consultante dans le domaine du\u00a0 D\u00e9veloppement Durable, la Lutte contre la Pollution, la Gestion et la Valorisation\u00a0 des Ressources en Eau et les Changements Climatiques, aupr\u00e8s de plusieurs institutions et ONG internationales. Elle est aussi Vice-pr\u00e9sidente du Conseil Scientifique de la Maison M\u00e9diterran\u00e9enne du Climat (MMC), Pr\u00e9sidente du R\u00e9seau \u00ab Connecting Group International \u00bb, un r\u00e9seau \u0153uvrant pour le renforcement du pouvoir des femmes dans les institutions.<\/p>\n<p>Et sur le plan politique, Nouzha Bouchareb est membre du Bureau Politique du parti du Mouvement Populaire et aussi Pr\u00e9sidente de l\u2019Organisation de la \u00ab FEMME HARAKIE \u00bb. Par rapport \u00e0 l\u2019\u00e9volution du statut de la femme dans la soci\u00e9t\u00e9 marocaine, la Ministre constate que des avanc\u00e9es consid\u00e9rables ont \u00e9t\u00e9 r\u00e9alis\u00e9es en mati\u00e8re de r\u00e9duction des in\u00e9galit\u00e9s de genre. \u00abLes trois derniers projets de lois organiques adopt\u00e9s par le Conseil des ministres ont apport\u00e9 de nouvelles r\u00e9formes am\u00e9liorant la participation effective de la femme dans la gestion de la chose publique et bien \u00e9videmment, dans le d\u00e9veloppement socio-\u00e9conomique en g\u00e9n\u00e9ral. Des r\u00e9formes pareilles d\u00e9finissent les jalons d\u2019un chemin \u00e0 parcourir et posent les soubassements d\u2019une feuille de route \u00e0 moyen et long terme \u00bb, assure la Ministre.\u00a0<\/p>\n<p><strong>Lire aussi |<\/strong><a href=\"https:\/\/www.challenge.ma\/50-femmes-qui-comptent-sarah-el-hairy-secretaire-detat-chargee-de-la-jeunesse-et-de-lengagement-france-177555\/\"><strong>50 femmes qui comptent : Sarah El Ha\u00efry, secr\u00e9taire d\u2019\u00c9tat charg\u00e9e de la Jeunesse et de l\u2019Engagement (France)<\/strong><\/a><\/p>\n<p class=\"has-background c11\">La volont\u00e9 de Sa Majest\u00e9 le Roi Mohammed VI que Dieu l\u2019Assiste, \u00e0 rendre justice \u00e0 la femme marocaine se traduit par les r\u00e9formes apport\u00e9es sur le plan l\u00e9gislatif, r\u00e9glementaire et au niveau des diff\u00e9rents programmes et projets.<\/p>\n<figure class=\"wp-block-image size-large\"><a href=\"https:\/\/emag.challenge.ma\/780\/mobile\/index.html\"><img decoding=\"async\" loading=\"lazy\" width=\"798\" height=\"1024\" src=\"https:\/\/www.challenge.ma\/wp-content\/uploads\/2021\/03\/Challenge-780-special-8-mars-798x1024.jpg\" alt=\"\" class=\"wp-image-177090\" srcset=\"https:\/\/www.challenge.ma\/wp-content\/uploads\/2021\/03\/Challenge-780-special-8-mars-798x1024.jpg 798w, https:\/\/www.challenge.ma\/wp-content\/uploads\/2021\/03\/Challenge-780-special-8-mars-234x300.jpg 234w, https:\/\/www.challenge.ma\/wp-content\/uploads\/2021\/03\/Challenge-780-special-8-mars-768x986.jpg 768w, https:\/\/www.challenge.ma\/wp-content\/uploads\/2021\/03\/Challenge-780-special-8-mars-360x462.jpg 360w, https:\/\/www.challenge.ma\/wp-content\/uploads\/2021\/03\/Challenge-780-special-8-mars-750x962.jpg 750w, https:\/\/www.challenge.ma\/wp-content\/uploads\/2021\/03\/Challenge-780-special-8-mars.jpg 1013w\" sizes=\"auto, (max-width: 798px) 100vw, 798px\"\/><\/a><\/figure>\n<p>Auteur: challenge<br \/>\n<a href=\"https:\/\/www.challenge.ma\/50-femmes-qui-comptent-nouzha-bouchareb-ministre-de-lamenagement-du-territoire-national-de-lurbanisme-de-lhabitat-et-de-la-politique-de-la-ville-177462\/\">Cliquez ici pour lire l&rsquo;article depuis sa source.<\/a><\/p>\n","protected":false},"excerpt":{"rendered":"<p>Pour nous, il ne s\u2019agit pas de c\u00e9l\u00e9brer la journ\u00e9e de la femme, comme un cadeau annuel fait \u00e0 la gente f\u00e9minine. C\u2019est plut\u00f4t l\u2019occasion de faire le point sur un combat essentiel, celui de l\u2019\u00e9mancipation de la moiti\u00e9 de la population et l\u2019\u00e9valuation de son apport aux transformations sociales, ce que l\u2019on appelle commun\u00e9ment [&hellip;]<\/p>\n","protected":false},"author":1787,"featured_media":0,"comment_status":"closed","ping_status":"closed","sticky":false,"template":"","format":"standard","meta":{"fifu_image_url":"https:\/\/www.challenge.ma\/wp-content\/uploads\/2021\/03\/Challenge-780-special-8-mars-798x1024.jpg","fifu_image_alt":"50 femmes qui comptent : Nouzha Bouchareb, Ministre de l\u2019Am\u00e9nagement du Territoire National de l\u2019Urbanisme, de l\u2019Habitat et de la Politique de la Ville","footnotes":""},"categories":[78,54],"tags":[],"class_list":["post-112890","post","type-post","status-publish","format-standard","hentry","category-economie","category-maroc"],"_links":{"self":[{"href":"https:\/\/linitiative.ca\/International\/wp-json\/wp\/v2\/posts\/112890","targetHints":{"allow":["GET"]}}],"collection":[{"href":"https:\/\/linitiative.ca\/International\/wp-json\/wp\/v2\/posts"}],"about":[{"href":"https:\/\/linitiative.ca\/International\/wp-json\/wp\/v2\/types\/post"}],"author":[{"embeddable":true,"href":"https:\/\/linitiative.ca\/International\/wp-json\/wp\/v2\/users\/1787"}],"replies":[{"embeddable":true,"href":"https:\/\/linitiative.ca\/International\/wp-json\/wp\/v2\/comments?post=112890"}],"version-history":[{"count":0,"href":"https:\/\/linitiative.ca\/International\/wp-json\/wp\/v2\/posts\/112890\/revisions"}],"wp:attachment":[{"href":"https:\/\/linitiative.ca\/International\/wp-json\/wp\/v2\/media?parent=112890"}],"wp:term":[{"taxonomy":"category","embeddable":true,"href":"https:\/\/linitiative.ca\/International\/wp-json\/wp\/v2\/categories?post=112890"},{"taxonomy":"post_tag","embeddable":true,"href":"https:\/\/linitiative.ca\/International\/wp-json\/wp\/v2\/tags?post=112890"}],"curies":[{"name":"wp","href":"https:\/\/api.w.org\/{rel}","templated":true}]}}