{"id":112893,"date":"2021-03-10T12:05:16","date_gmt":"2021-03-10T17:05:16","guid":{"rendered":"https:\/\/linitiative.ca\/International\/lirlande-nomme-son-premier-ambassadeur-au-maroc\/"},"modified":"2021-03-10T12:05:16","modified_gmt":"2021-03-10T17:05:16","slug":"lirlande-nomme-son-premier-ambassadeur-au-maroc","status":"publish","type":"post","link":"https:\/\/linitiative.ca\/International\/lirlande-nomme-son-premier-ambassadeur-au-maroc\/","title":{"rendered":"L\u2019Irlande nomme son premier ambassadeur au Maroc"},"content":{"rendered":"<p><strong>Alors que l\u2019ouverture d\u2019une ambassade est pr\u00e9vue pour cette ann\u00e9e, l\u2019Irlande vient de nommer son premier ambassadeur au Maroc.<\/strong><\/p>\n<div class=\"c10\">\n<\/div>\n<p>Le gouvernement du pays europ\u00e9en a nomm\u00e9 James McIntyre \u00e0 la t\u00eate de sa future ambassade \u00e0 Rabat. Il s\u2019agit d\u2019une des deux nouvelles missions diplomatiques cr\u00e9\u00e9es par l\u2019ex\u00e9cutif irlandais, aux c\u00f4t\u00e9s du consulat g\u00e9n\u00e9ral \u00e0 Manchester (Grande-Bretagne). Ces missions font partie du programme Global Ireland qui portera le r\u00e9seau des missions diplomatiques du pays \u00e0 95 bureaux d\u2019ici la fin de l\u2019ann\u00e9e.<\/p>\n<p><strong>Lire aussi | <a href=\"https:\/\/www.challenge.ma\/maroc-telecom-fin-des-travaux-de-maintenance-preventive-operes-sur-le-cable-sous-marin-atlas-offshore-177626\/\" target=\"_blank\" rel=\"noreferrer noopener\">Maroc Telecom : fin des travaux de maintenance pr\u00e9ventive op\u00e9r\u00e9s sur le c\u00e2ble sous-marin Atlas Offshore<\/a><\/strong><\/p>\n<p>James McIntyre est actuellement directeur au sein de la division Irlande, Royaume-Uni et Am\u00e9riques au sein du minist\u00e8re des Affaires \u00e9trang\u00e8res o\u00f9 il compte plus de 30 ans de carri\u00e8re. \u00c0 Rabat, il officiera \u00e9galement en tant qu\u2019ambassadeur de la Tunisie et de la Mauritanie. Il rejoindra les \u00e9quipes des deux consulats honoraires de l\u2019Irlande \u00e0 Casablanca et Agadir. \u00c0 noter que sa nomination est sous r\u00e9serve de l\u2019accord du Royaume.<\/p>\n<p>Auteur: Karim Handaoui<br \/>\n<a href=\"https:\/\/www.challenge.ma\/lirlande-nomme-son-premier-ambassadeur-au-maroc-177659\/\">Cliquez ici pour lire l&rsquo;article depuis sa source.<\/a><\/p>\n","protected":false},"excerpt":{"rendered":"<p>Alors que l\u2019ouverture d\u2019une ambassade est pr\u00e9vue pour cette ann\u00e9e, l\u2019Irlande vient de nommer son premier ambassadeur au Maroc. Le gouvernement du pays europ\u00e9en a nomm\u00e9 James McIntyre \u00e0 la t\u00eate de sa future ambassade \u00e0 Rabat. Il s\u2019agit d\u2019une des deux nouvelles missions diplomatiques cr\u00e9\u00e9es par l\u2019ex\u00e9cutif irlandais, aux c\u00f4t\u00e9s du consulat g\u00e9n\u00e9ral \u00e0 [&hellip;]<\/p>\n","protected":false},"author":1787,"featured_media":0,"comment_status":"closed","ping_status":"closed","sticky":false,"template":"","format":"standard","meta":{"fifu_image_url":"","fifu_image_alt":"","footnotes":""},"categories":[78,54],"tags":[],"class_list":["post-112893","post","type-post","status-publish","format-standard","hentry","category-economie","category-maroc"],"_links":{"self":[{"href":"https:\/\/linitiative.ca\/International\/wp-json\/wp\/v2\/posts\/112893","targetHints":{"allow":["GET"]}}],"collection":[{"href":"https:\/\/linitiative.ca\/International\/wp-json\/wp\/v2\/posts"}],"about":[{"href":"https:\/\/linitiative.ca\/International\/wp-json\/wp\/v2\/types\/post"}],"author":[{"embeddable":true,"href":"https:\/\/linitiative.ca\/International\/wp-json\/wp\/v2\/users\/1787"}],"replies":[{"embeddable":true,"href":"https:\/\/linitiative.ca\/International\/wp-json\/wp\/v2\/comments?post=112893"}],"version-history":[{"count":0,"href":"https:\/\/linitiative.ca\/International\/wp-json\/wp\/v2\/posts\/112893\/revisions"}],"wp:attachment":[{"href":"https:\/\/linitiative.ca\/International\/wp-json\/wp\/v2\/media?parent=112893"}],"wp:term":[{"taxonomy":"category","embeddable":true,"href":"https:\/\/linitiative.ca\/International\/wp-json\/wp\/v2\/categories?post=112893"},{"taxonomy":"post_tag","embeddable":true,"href":"https:\/\/linitiative.ca\/International\/wp-json\/wp\/v2\/tags?post=112893"}],"curies":[{"name":"wp","href":"https:\/\/api.w.org\/{rel}","templated":true}]}}