{"id":112895,"date":"2021-03-10T16:23:34","date_gmt":"2021-03-10T21:23:34","guid":{"rendered":"https:\/\/linitiative.ca\/International\/tunisie-ghannouchi-lance-une-contre-offensive-contre-kais-saied\/"},"modified":"2021-03-10T16:23:34","modified_gmt":"2021-03-10T21:23:34","slug":"tunisie-ghannouchi-lance-une-contre-offensive-contre-kais-saied","status":"publish","type":"post","link":"https:\/\/linitiative.ca\/International\/tunisie-ghannouchi-lance-une-contre-offensive-contre-kais-saied\/","title":{"rendered":"Tunisie \u2013 Ghannouchi lance une contre-offensive contre Ka\u00efs Sa\u00efed"},"content":{"rendered":"<div class=\"post-cont-in left relative\">\n<div id=\"post-info-wrap\" class=\"left relative post-info-out\">\n<div class=\"post-info-img left relative\"><img decoding=\"async\" alt=\"\" src=\"https:\/\/secure.gravatar.com\/avatar\/047123be9d5e8513774383916ee72db2?s=50&amp;d=mm&amp;r=g\" srcset=\"https:\/\/secure.gravatar.com\/avatar\/047123be9d5e8513774383916ee72db2?s=100&amp;d=mm&amp;r=g 2x\" class=\"avatar avatar-50 photo\" height=\"50\" width=\"50\" loading=\"lazy\"\/><\/div>\n<div class=\"post-info-in\">\n<div class=\"post-info-right left relative post-info-name left relative\"><span><span class=\"post-info-text\">Par<\/span> <span class=\"author-name vcard fn author\"><a href=\"https:\/\/www.tunisienumerique.com\/author\/lm\/\" title=\"Articles par LM\" rel=\"author\">LM<\/a><\/span><\/span> <span class=\"post-date updated\"><time class=\"post-date updated\" datetime=\"2021-03-10\">\u00a0| Il y a 1 heure<\/time><\/span><br \/>\n<meta itemprop=\"dateModified\" content=\"2021-03-10\"\/><\/div>\n<div class=\"left relative\"><button id=\"listenButton1\" class=\"responsivevoice-button\" type=\"button\" value=\"Play\" title=\"\u00c9coutez l'article\"><span>\ud83d\udd0a \u00c9coutez l&rsquo;article<\/span><\/button>\n<\/div>\n<\/div>\n<\/div>\n<p>Le pr\u00e9sident de l\u2019ARP, et du parti islamiste d\u2019Ennhdha, Rached Ghannouchi, a lanc\u00e9 une contre-offensive contre le pr\u00e9sident de la R\u00e9publique, Ka\u00efs Sa\u00efed, \u00e0 travers un entretien accord\u00e9 \u00e0 Reuters. Il a assur\u00e9 qu\u2019il n\u2019y a pas de raison de changer tout le gouvernement, et que le pays a, plut\u00f4t, besoin d\u2019une stabilit\u00e9 politique.<\/p>\n<div class=\"code-block code-block-1 c4\">\n <ins class=\"adsbygoogle c3\" data-ad-layout=\"in-article\" data-ad-format=\"fluid\" data-ad-client=\"ca-pub-2102118777505746\" data-ad-slot=\"7301775417\"\/>\n<\/div>\n<p>Ghannouchi a ajout\u00e9 que l\u2019appareil constitutionnel s\u2019est enray\u00e9 au niveau du palais de Carthage, \u00e0 cause de l\u2019ent\u00eatement du pr\u00e9sident de faillir \u00e0 son devoir d\u2019organiser la c\u00e9r\u00e9monie de prestation du serment pour les nouveaux ministres.<\/p>\n<p>Ghannouchi a assur\u00e9 que la corruption est une accusation grave, et qu\u2019il revient \u00e0 la justice, exclusivement d\u2019\u00e9valuer les cas suppos\u00e9s de corruption dont il taxe certains nouveaux ministres. Il a accus\u00e9 Sa\u00efed de s\u2019\u00eatre \u00e9rig\u00e9 en cour de cassation, qui s\u2019oppose \u00e0 la d\u00e9cision de l\u2019ARP. Il a accus\u00e9 Sa\u00efed de vouloir \u00eatre, \u00e0 la fois, pr\u00e9sident et juge. Or, le principe, m\u00eame, de la d\u00e9mocratie est la s\u00e9paration des pouvoirs.<\/p>\n<p>Ghannouchi a, enfin, appel\u00e9 Sa\u00efed \u00e0 faire comme son pr\u00e9d\u00e9cesseur Feu B\u00e9ji Ca\u00efed Essebsi qui, malgr\u00e9 son diff\u00e9rend avec le chef du gouvernement d\u2019alors, Youssef Chahed, ne s\u2019est pas oppos\u00e9 \u00e0 un remaniement minist\u00e9riel et approuv\u00e9 sa d\u00e9cision.<\/p>\n<div class=\"swp_social_panel swp_horizontal_panel swp_flat_fresh swp_default_full_color swp_individual_full_color swp_other_full_color scale-100 scale-\" data-min-width=\"1100\" data-float-color=\"#ffffff\" data-float=\"bottom\" data-float-mobile=\"bottom\" data-transition=\"slide\">\n<div class=\"nc_tweetContainer swp_share_button total_shares total_sharesalt\"><span class=\"swp_count\">9 <span class=\"swp_label\">Partages<\/span><\/span><\/div>\n<\/div>\n<p><strong>Que se passe-t-il en Tunisie?<\/strong><br \/>Nous expliquons sur notre <a href=\"https:\/\/www.youtube.com\/channel\/UCRzypVq0B_yBad5eGrwBx0Q?sub_confirmation=1\" target=\"_blank\" rel=\"noopener\">cha\u00eene YouTube<\/a> . <a href=\"https:\/\/www.youtube.com\/channel\/UCRzypVq0B_yBad5eGrwBx0Q?sub_confirmation=1\" target=\"_blank\" rel=\"noopener\">Abonnez-vous!<\/a><\/p>\n<div class=\"mvp-org-wrap\" itemprop=\"publisher\">\n<div class=\"mvp-org-logo\" itemprop=\"logo\"><img decoding=\"async\" src=\"https:\/\/www.tunisienumerique.com\/wp-content\/uploads\/2017\/02\/logo_tunisie_numerique.png\"\/><br \/>\n<meta itemprop=\"url\" content=\"https:\/\/www.tunisienumerique.com\/wp-content\/uploads\/2017\/02\/logo_tunisie_numerique.png\"\/><\/div>\n<p><meta content=\"Tunisie Num\u00e9rique\"\/><\/div>\n<div class=\"mvp-related-posts left relative\">\n<h4 class=\"post-header\"><span class=\"post-header\">Lire aussi<\/span><\/h4>\n<\/div>\n<div id=\"article-ad\">\n <ins class=\"adsbygoogle c5\" data-ad-client=\"ca-pub-2102118777505746\" data-ad-slot=\"6513972734\" data-ad-format=\"auto\" data-full-width-responsive=\"true\"\/>\n<\/div>\n<\/div>\n<div id=\"post-sidebar-wrap\">\n <ins class=\"adsbygoogle c5\" data-ad-client=\"ca-pub-2102118777505746\" data-ad-slot=\"6168283410\" data-ad-format=\"auto\" data-full-width-responsive=\"true\"\/>\n<\/div>\n<p>Auteur: LM<br \/>\n<a href=\"https:\/\/www.tunisienumerique.com\/tunisie-ghannouchi-lance-une-contre-offensive-contre-kais-saied\/\">Cliquez ici pour lire l&rsquo;article depuis sa source.<\/a><\/p>\n","protected":false},"excerpt":{"rendered":"<p>Par LM \u00a0| Il y a 1 heure \ud83d\udd0a \u00c9coutez l&rsquo;article Le pr\u00e9sident de l\u2019ARP, et du parti islamiste d\u2019Ennhdha, Rached Ghannouchi, a lanc\u00e9 une contre-offensive contre le pr\u00e9sident de la R\u00e9publique, Ka\u00efs Sa\u00efed, \u00e0 travers un entretien accord\u00e9 \u00e0 Reuters. Il a assur\u00e9 qu\u2019il n\u2019y a pas de raison de changer tout le gouvernement, [&hellip;]<\/p>\n","protected":false},"author":1789,"featured_media":0,"comment_status":"closed","ping_status":"closed","sticky":false,"template":"","format":"standard","meta":{"fifu_image_url":"https:\/\/secure.gravatar.com\/avatar\/047123be9d5e8513774383916ee72db2?s=50&d=mm&r=g","fifu_image_alt":"Tunisie \u2013 Ghannouchi lance une contre-offensive contre Ka\u00efs Sa\u00efed","footnotes":""},"categories":[73,55],"tags":[],"class_list":["post-112895","post","type-post","status-publish","format-standard","hentry","category-actualite","category-tunisie"],"_links":{"self":[{"href":"https:\/\/linitiative.ca\/International\/wp-json\/wp\/v2\/posts\/112895","targetHints":{"allow":["GET"]}}],"collection":[{"href":"https:\/\/linitiative.ca\/International\/wp-json\/wp\/v2\/posts"}],"about":[{"href":"https:\/\/linitiative.ca\/International\/wp-json\/wp\/v2\/types\/post"}],"author":[{"embeddable":true,"href":"https:\/\/linitiative.ca\/International\/wp-json\/wp\/v2\/users\/1789"}],"replies":[{"embeddable":true,"href":"https:\/\/linitiative.ca\/International\/wp-json\/wp\/v2\/comments?post=112895"}],"version-history":[{"count":0,"href":"https:\/\/linitiative.ca\/International\/wp-json\/wp\/v2\/posts\/112895\/revisions"}],"wp:attachment":[{"href":"https:\/\/linitiative.ca\/International\/wp-json\/wp\/v2\/media?parent=112895"}],"wp:term":[{"taxonomy":"category","embeddable":true,"href":"https:\/\/linitiative.ca\/International\/wp-json\/wp\/v2\/categories?post=112895"},{"taxonomy":"post_tag","embeddable":true,"href":"https:\/\/linitiative.ca\/International\/wp-json\/wp\/v2\/tags?post=112895"}],"curies":[{"name":"wp","href":"https:\/\/api.w.org\/{rel}","templated":true}]}}