{"id":112899,"date":"2021-03-10T16:23:13","date_gmt":"2021-03-10T21:23:13","guid":{"rendered":"https:\/\/linitiative.ca\/International\/refus-de-lancien-chef-de-lanr-de-se-presenter-devant-le-parquet-congolais\/"},"modified":"2021-03-10T16:23:13","modified_gmt":"2021-03-10T21:23:13","slug":"refus-de-lancien-chef-de-lanr-de-se-presenter-devant-le-parquet-congolais","status":"publish","type":"post","link":"https:\/\/linitiative.ca\/International\/refus-de-lancien-chef-de-lanr-de-se-presenter-devant-le-parquet-congolais\/","title":{"rendered":"REFUS DE LANCIEN CHEF DE L\u2019ANR DE SE PRESENTER DEVANT LE PARQUET CONGOLAIS"},"content":{"rendered":"<div>\n<p>De quoi a peur Kalev Mutond\u00a0? \u00a0Convoqu\u00e9 \u00e0 la suite de plusieurs plaintes contre lui, l\u2019ancien Administrateur g\u00e9n\u00e9ral de l\u2019Agence nationale de renseignements (ANR), rechigne \u00e0 se rendre au Parquet. Qui plus est, il r\u00e9clame une protection sp\u00e9ciale en tant qu\u2019agent de l\u2019ANR, bien que sans fonction. Autant croire a priori qu\u2019il veut continuer \u00e0 \u2026<\/p>\n<p>L\u2019article <a rel=\"nofollow\" href=\"https:\/\/lepays.bf\/refus-de-lancien-chef-de-lanr-de-se-presenter-devant-le-parquet-congolais\/\">REFUS DE LANCIEN CHEF DE L\u2019ANR DE SE PRESENTER DEVANT LE PARQUET CONGOLAIS<\/a> est apparu en premier sur <a rel=\"nofollow\" href=\"https:\/\/lepays.bf\/\">Editions Le Pays<\/a>.<\/p>\n<\/div>\n<p>Auteur: Editions LEPAYS<br \/>\n<a href=\"https:\/\/lepays.bf\/refus-de-lancien-chef-de-lanr-de-se-presenter-devant-le-parquet-congolais\/\">Cliquez ici pour lire l&rsquo;article depuis sa source.<\/a><\/p>\n","protected":false},"excerpt":{"rendered":"<p>De quoi a peur Kalev Mutond\u00a0? \u00a0Convoqu\u00e9 \u00e0 la suite de plusieurs plaintes contre lui, l\u2019ancien Administrateur g\u00e9n\u00e9ral de l\u2019Agence nationale de renseignements (ANR), rechigne \u00e0 se rendre au Parquet. Qui plus est, il r\u00e9clame une protection sp\u00e9ciale en tant qu\u2019agent de l\u2019ANR, bien que sans fonction. Autant croire a priori qu\u2019il veut continuer \u00e0 [&hellip;]<\/p>\n","protected":false},"author":1813,"featured_media":0,"comment_status":"closed","ping_status":"closed","sticky":false,"template":"","format":"standard","meta":{"fifu_image_url":"","fifu_image_alt":"","footnotes":""},"categories":[73,81],"tags":[],"class_list":["post-112899","post","type-post","status-publish","format-standard","hentry","category-actualite","category-burkina-faso"],"_links":{"self":[{"href":"https:\/\/linitiative.ca\/International\/wp-json\/wp\/v2\/posts\/112899","targetHints":{"allow":["GET"]}}],"collection":[{"href":"https:\/\/linitiative.ca\/International\/wp-json\/wp\/v2\/posts"}],"about":[{"href":"https:\/\/linitiative.ca\/International\/wp-json\/wp\/v2\/types\/post"}],"author":[{"embeddable":true,"href":"https:\/\/linitiative.ca\/International\/wp-json\/wp\/v2\/users\/1813"}],"replies":[{"embeddable":true,"href":"https:\/\/linitiative.ca\/International\/wp-json\/wp\/v2\/comments?post=112899"}],"version-history":[{"count":0,"href":"https:\/\/linitiative.ca\/International\/wp-json\/wp\/v2\/posts\/112899\/revisions"}],"wp:attachment":[{"href":"https:\/\/linitiative.ca\/International\/wp-json\/wp\/v2\/media?parent=112899"}],"wp:term":[{"taxonomy":"category","embeddable":true,"href":"https:\/\/linitiative.ca\/International\/wp-json\/wp\/v2\/categories?post=112899"},{"taxonomy":"post_tag","embeddable":true,"href":"https:\/\/linitiative.ca\/International\/wp-json\/wp\/v2\/tags?post=112899"}],"curies":[{"name":"wp","href":"https:\/\/api.w.org\/{rel}","templated":true}]}}