{"id":112900,"date":"2021-03-10T17:05:12","date_gmt":"2021-03-10T22:05:12","guid":{"rendered":"https:\/\/linitiative.ca\/International\/deces-du-premier-ministre-ivoirien\/"},"modified":"2021-03-10T17:05:12","modified_gmt":"2021-03-10T22:05:12","slug":"deces-du-premier-ministre-ivoirien","status":"publish","type":"post","link":"https:\/\/linitiative.ca\/International\/deces-du-premier-ministre-ivoirien\/","title":{"rendered":"DECES DU PREMIER MINISTRE IVOIRIEN"},"content":{"rendered":"<header class=\"entry-header-outer\">\n<nav id=\"breadcrumb\"><a href=\"https:\/\/lepays.bf\/\"><span class=\"fa fa-home\" aria-hidden=\"true\"\/> Accueil<\/a><em class=\"delimiter\">\/<\/em><a href=\"https:\/\/lepays.bf\/category\/a-la-une\/\">A la une<\/a><em class=\"delimiter\">\/<\/em><span class=\"current\">DECES DU PREMIER MINISTRE IVOIRIEN<\/span><\/nav>\n<div class=\"entry-header\" readability=\"25.268907563025\">\n<p>\t\t<span class=\"post-cat-wrap\"><a class=\"post-cat tie-cat-3\" href=\"https:\/\/lepays.bf\/category\/a-la-une\/\">A la une<\/a><a class=\"post-cat tie-cat-38\" href=\"https:\/\/lepays.bf\/category\/lignes-de-mire\/\">Lignes de mire<\/a><\/span><\/p>\n<h2 class=\"entry-sub-title\">ADO dans les cordes<\/h2>\n<div class=\"post-meta clearfix\" readability=\"7\"><span class=\"date meta-item fa-before\">10 mars 2021<\/span><\/p>\n<p><span class=\"meta-comment meta-item fa-before\">0<\/span><span class=\"meta-views meta-item \"><span class=\"tie-icon-fire\" aria-hidden=\"true\"\/> 0 <\/span><span class=\"meta-reading-time meta-item\"><span class=\"fa fa-bookmark\" aria-hidden=\"true\"\/> Temps de lecture 1 minute<\/span> <\/p>\n<\/div>\n<p><!-- .post-meta -->\t<\/div>\n<p><!-- .entry-header \/--><\/p>\n<\/header>\n<p><!-- .entry-header-outer \/--><\/p>\n<div class=\"featured-area\">\n<div class=\"featured-area-inner\">\n<figure class=\"single-featured-image\"><img decoding=\"async\" width=\"592\" height=\"296\" src=\"https:\/\/lepays.bf\/wp-content\/uploads\/2021\/03\/HAMED.jpg\" class=\"attachment-jannah-image-post size-jannah-image-post wp-post-image\" alt=\"\" loading=\"lazy\" srcset=\"https:\/\/lepays.bf\/wp-content\/uploads\/2021\/03\/HAMED.jpg 592w, https:\/\/lepays.bf\/wp-content\/uploads\/2021\/03\/HAMED-300x150.jpg 300w\" sizes=\"auto, (max-width: 592px) 100vw, 592px\"\/><\/figure>\n<\/div>\n<\/div>\n<div class=\"entry-content entry clearfix\" readability=\"32\">\n<p><strong><em>Le sommeil d\u2019ADO risque d\u2019\u00eatre troubl\u00e9 par les fant\u00f4mes de ses deux fils<\/em><\/strong><\/p>\n<p><strong>DZ<\/strong><\/p>\n<p><!-- AI CONTENT END 1 --><\/p><\/div>\n<p><!-- .entry-content \/--><\/p>\n<p>\t\t<!-- .post-footer-on-top \/--><\/p>\n<p>Auteur: Editions LEPAYS<br \/>\n<a href=\"https:\/\/lepays.bf\/deces-du-premier-ministre-ivoirien\/\">Cliquez ici pour lire l&rsquo;article depuis sa source.<\/a><\/p>\n","protected":false},"excerpt":{"rendered":"<p>Accueil\/A la une\/DECES DU PREMIER MINISTRE IVOIRIEN A la uneLignes de mire ADO dans les cordes 10 mars 2021 0 0 Temps de lecture 1 minute Le sommeil d\u2019ADO risque d\u2019\u00eatre troubl\u00e9 par les fant\u00f4mes de ses deux fils DZ Auteur: Editions LEPAYS Cliquez ici pour lire l&rsquo;article depuis sa source.<\/p>\n","protected":false},"author":1813,"featured_media":0,"comment_status":"closed","ping_status":"closed","sticky":false,"template":"","format":"standard","meta":{"fifu_image_url":"https:\/\/lepays.bf\/wp-content\/uploads\/2021\/03\/HAMED.jpg","fifu_image_alt":"DECES DU PREMIER MINISTRE IVOIRIEN","footnotes":""},"categories":[73,81],"tags":[],"class_list":["post-112900","post","type-post","status-publish","format-standard","hentry","category-actualite","category-burkina-faso"],"_links":{"self":[{"href":"https:\/\/linitiative.ca\/International\/wp-json\/wp\/v2\/posts\/112900","targetHints":{"allow":["GET"]}}],"collection":[{"href":"https:\/\/linitiative.ca\/International\/wp-json\/wp\/v2\/posts"}],"about":[{"href":"https:\/\/linitiative.ca\/International\/wp-json\/wp\/v2\/types\/post"}],"author":[{"embeddable":true,"href":"https:\/\/linitiative.ca\/International\/wp-json\/wp\/v2\/users\/1813"}],"replies":[{"embeddable":true,"href":"https:\/\/linitiative.ca\/International\/wp-json\/wp\/v2\/comments?post=112900"}],"version-history":[{"count":0,"href":"https:\/\/linitiative.ca\/International\/wp-json\/wp\/v2\/posts\/112900\/revisions"}],"wp:attachment":[{"href":"https:\/\/linitiative.ca\/International\/wp-json\/wp\/v2\/media?parent=112900"}],"wp:term":[{"taxonomy":"category","embeddable":true,"href":"https:\/\/linitiative.ca\/International\/wp-json\/wp\/v2\/categories?post=112900"},{"taxonomy":"post_tag","embeddable":true,"href":"https:\/\/linitiative.ca\/International\/wp-json\/wp\/v2\/tags?post=112900"}],"curies":[{"name":"wp","href":"https:\/\/api.w.org\/{rel}","templated":true}]}}