{"id":112902,"date":"2021-03-10T16:31:00","date_gmt":"2021-03-10T21:31:00","guid":{"rendered":"https:\/\/linitiative.ca\/International\/hommage-du-president-alassane-a-hamed-bakayoko-decede-ce-mercredi-10-mars-2021\/"},"modified":"2021-03-10T16:31:00","modified_gmt":"2021-03-10T21:31:00","slug":"hommage-du-president-alassane-a-hamed-bakayoko-decede-ce-mercredi-10-mars-2021","status":"publish","type":"post","link":"https:\/\/linitiative.ca\/International\/hommage-du-president-alassane-a-hamed-bakayoko-decede-ce-mercredi-10-mars-2021\/","title":{"rendered":"Hommage du pr\u00e9sident Alassane \u00e0 Hamed Bakayoko d\u00e9c\u00e9d\u00e9 ce mercredi 10 mars 2021"},"content":{"rendered":"<div class=\"td-post-featured-image\"><a href=\"https:\/\/www.sidwaya.info\/wp-content\/uploads\/2021\/03\/Hamed.jpg\" data-caption=\"\"><img loading=\"lazy\" decoding=\"async\" width=\"463\" height=\"362\" class=\"entry-thumb td-modal-image\" src=\"https:\/\/www.sidwaya.info\/wp-content\/uploads\/2021\/03\/Hamed.jpg\" srcset=\"https:\/\/www.sidwaya.info\/wp-content\/uploads\/2021\/03\/Hamed.jpg 463w, https:\/\/www.sidwaya.info\/wp-content\/uploads\/2021\/03\/Hamed-300x235.jpg 300w, https:\/\/www.sidwaya.info\/wp-content\/uploads\/2021\/03\/Hamed-150x117.jpg 150w\" sizes=\"auto, (max-width: 463px) 100vw, 463px\" alt=\"\" title=\"Hamed\"\/><\/a><\/div>\n<div class=\"o9v6fnle cxmmr5t8 oygrvhab hcukyx3x c1et5uql ii04i59q\" readability=\"39\">\n<p>Mes chers compatriotes,<\/p>\n<p>Notre pays est en deuil.<\/p>\n<p>J\u2019ai l\u2019immense douleur de vous annoncer le de\u0301ce\u0300s, du Premier Ministre, Hamed Bakayoko, Chef du Gouvernement, Ministre de La De\u0301fense, ce mercredi 10 mars 2021, en Allemagne, des suites d\u2019un cancer.<\/p>\n<p>Je rends hommage au Premier Ministre, Hamed Bakayoko, mon fils et proche collaborateur, trop to\u0302t arrache\u0301 a\u0300 notre affection.<\/p>\n<p>Le Premier Ministre Hamed Bakayoko a servi la Co\u0302te d\u2019Ivoire avec de\u0301vouement et abne\u0301gation. C\u2019e\u0301tait un grand homme d\u2019Etat, un mode\u0300le pour notre jeunesse, une personnalite\u0301 d\u2019une grande ge\u0301ne\u0301rosite\u0301 et d\u2019une loyaute\u0301 exemplaire.<\/p>\n<p>Je voudrais, au nom du Gouvernement et en mon nom personnel, pre\u0301senter mes condole\u0301ances les plus e\u0301mues a\u0300 son e\u0301pouse, a\u0300 ses enfants, a\u0300 la grande famille Bakayoko, a\u0300 toutes les familles allie\u0301es ainsi qu\u2019a\u0300 l\u2019ensemble des Ivoiriens.<\/p>\n<p>Que son a\u0302me repose en paix!<\/p>\n<\/div>\n<div class=\"td-a-rec td-a-rec-id-content_bottom tdi_33_48e td_block_template_1\">\n<p><img loading=\"lazy\" decoding=\"async\" class=\"aligncenter size-full wp-image-27454\" src=\"https:\/\/www.sidwaya.info\/wp-content\/uploads\/2020\/10\/PUB-Bandeau-paiement-mobile-siteweb.jpg\" alt=\"\" width=\"728\" height=\"90\"\/><\/div>\n<p>Auteur: BS. Sidwaya<br \/>\n<a href=\"https:\/\/www.sidwaya.info\/blog\/2021\/03\/10\/hommage-du-president-alassane-a-hamed-bakayoko-decede-ce-mercredi-10-mars-2021\/\">Cliquez ici pour lire l&rsquo;article depuis sa source.<\/a><\/p>\n","protected":false},"excerpt":{"rendered":"<p>Mes chers compatriotes, Notre pays est en deuil. J\u2019ai l\u2019immense douleur de vous annoncer le de\u0301ce\u0300s, du Premier Ministre, Hamed Bakayoko, Chef du Gouvernement, Ministre de La De\u0301fense, ce mercredi 10 mars 2021, en Allemagne, des suites d\u2019un cancer. Je rends hommage au Premier Ministre, Hamed Bakayoko, mon fils et proche collaborateur, trop to\u0302t arrache\u0301 [&hellip;]<\/p>\n","protected":false},"author":1816,"featured_media":0,"comment_status":"closed","ping_status":"closed","sticky":false,"template":"","format":"standard","meta":{"fifu_image_url":"https:\/\/www.sidwaya.info\/wp-content\/uploads\/2021\/03\/Hamed.jpg","fifu_image_alt":"Hommage du pr\u00e9sident Alassane \u00e0 Hamed Bakayoko d\u00e9c\u00e9d\u00e9 ce mercredi 10 mars 2021","footnotes":""},"categories":[73,81],"tags":[],"class_list":["post-112902","post","type-post","status-publish","format-standard","hentry","category-actualite","category-burkina-faso"],"_links":{"self":[{"href":"https:\/\/linitiative.ca\/International\/wp-json\/wp\/v2\/posts\/112902","targetHints":{"allow":["GET"]}}],"collection":[{"href":"https:\/\/linitiative.ca\/International\/wp-json\/wp\/v2\/posts"}],"about":[{"href":"https:\/\/linitiative.ca\/International\/wp-json\/wp\/v2\/types\/post"}],"author":[{"embeddable":true,"href":"https:\/\/linitiative.ca\/International\/wp-json\/wp\/v2\/users\/1816"}],"replies":[{"embeddable":true,"href":"https:\/\/linitiative.ca\/International\/wp-json\/wp\/v2\/comments?post=112902"}],"version-history":[{"count":0,"href":"https:\/\/linitiative.ca\/International\/wp-json\/wp\/v2\/posts\/112902\/revisions"}],"wp:attachment":[{"href":"https:\/\/linitiative.ca\/International\/wp-json\/wp\/v2\/media?parent=112902"}],"wp:term":[{"taxonomy":"category","embeddable":true,"href":"https:\/\/linitiative.ca\/International\/wp-json\/wp\/v2\/categories?post=112902"},{"taxonomy":"post_tag","embeddable":true,"href":"https:\/\/linitiative.ca\/International\/wp-json\/wp\/v2\/tags?post=112902"}],"curies":[{"name":"wp","href":"https:\/\/api.w.org\/{rel}","templated":true}]}}