{"id":112904,"date":"2021-03-10T16:54:35","date_gmt":"2021-03-10T21:54:35","guid":{"rendered":"https:\/\/linitiative.ca\/International\/cote-divoire-le-premier-ministre-hamed-bakayoko-sest-ecroule\/"},"modified":"2021-03-10T16:54:35","modified_gmt":"2021-03-10T21:54:35","slug":"cote-divoire-le-premier-ministre-hamed-bakayoko-sest-ecroule","status":"publish","type":"post","link":"https:\/\/linitiative.ca\/International\/cote-divoire-le-premier-ministre-hamed-bakayoko-sest-ecroule\/","title":{"rendered":"C\u00f4te d\u2019Ivoire: le Premier ministre Hamed Bakayoko s\u2019est \u00e9croul\u00e9"},"content":{"rendered":"<div class=\"td-post-featured-image\"><a href=\"https:\/\/www.sidwaya.info\/wp-content\/uploads\/2021\/03\/Hambak011.jpg\" data-caption=\"\"><img loading=\"lazy\" decoding=\"async\" width=\"696\" height=\"727\" class=\"entry-thumb td-modal-image\" src=\"https:\/\/www.sidwaya.info\/wp-content\/uploads\/2021\/03\/Hambak011-696x727.jpg\" srcset=\"https:\/\/www.sidwaya.info\/wp-content\/uploads\/2021\/03\/Hambak011-696x727.jpg 696w, https:\/\/www.sidwaya.info\/wp-content\/uploads\/2021\/03\/Hambak011-287x300.jpg 287w, https:\/\/www.sidwaya.info\/wp-content\/uploads\/2021\/03\/Hambak011-150x157.jpg 150w, https:\/\/www.sidwaya.info\/wp-content\/uploads\/2021\/03\/Hambak011-300x314.jpg 300w, https:\/\/www.sidwaya.info\/wp-content\/uploads\/2021\/03\/Hambak011-402x420.jpg 402w, https:\/\/www.sidwaya.info\/wp-content\/uploads\/2021\/03\/Hambak011.jpg 753w\" sizes=\"auto, (max-width: 696px) 100vw, 696px\" alt=\"\" title=\"Hambak011\"\/><\/a><\/div>\n<p>La nouvelle est tomb\u00e9e hier 10 mars 2021 dans la soir\u00e9e comme un couperet. Ahmed Bakayoko, Premier ministre de C\u00f4te d\u2019Ivoire, est d\u00e9c\u00e9d\u00e9 \u00e0 l\u2019\u00e2ge de 56 ans, en Allemagne o\u00f9 il avait \u00e9t\u00e9 transf\u00e9r\u00e9 d\u2019urgence dans la matin\u00e9e du 6 mars, des suites d\u2019un cancer. Le 18 f\u00e9vrier, il avait \u00e9t\u00e9 \u00e9vacu\u00e9 \u00e0 l\u2019h\u00f4pital am\u00e9ricain de Paris en France pour y recevoir des soins. Dans la foul\u00e9e, Le pr\u00e9sident Alassane Ouattara a rendu un hommage \u00e0 Hamed Bakayoko, qu\u2019il consid\u00e8re comme son \u00ab fils et proche collaborateur \u00bb. Le chef de l\u2019Etat ivoirien a indiqu\u00e9 que l\u2019illustre disparu \u00e9tait \u00ab un grand homme d\u2019Etat, un mod\u00e8le pour la jeunesse et une personnalit\u00e9 d\u2019une grande g\u00e9n\u00e9rosit\u00e9 et d\u2019une loyaut\u00e9 exemplaire \u00bb. Ministre de la D\u00e9fense et maire d\u2019Abobo, une commune d\u2019Abidjan, Hambak, comme l\u2019appelaient affectueusement ses concitoyens, \u00e9tait l\u2019un des fid\u00e8les lieutenants du pr\u00e9sident Ouattara depuis plus de vingt ans. Il venait d\u2019\u00eatre r\u00e9\u00e9lu d\u00e9put\u00e9 dans sa circonscription de S\u00e9gu\u00e9la sous la banni\u00e8re du Rassemblement des houphou\u00ebtistes pour la d\u00e9mocratie et la paix (RHDP). Ces derniers jours, les rumeurs de plus en plus persistantes sur Hamed Bakayoko avaient laiss\u00e9 pr\u00e9sager que quelque chose de grave pouvait arriver au Premier ministre. Et comme si cela ne suffisait pas, la nomination de Patrick Achi comme chef de gouvernement par int\u00e9rim avait fini par convaincre que ce n\u2019\u00e9tait pas pour demain, le retour des Hambak aux affaires en C\u00f4te d\u2019Ivoire. Si son d\u00e9c\u00e8s est d\u00fb \u00e0 un cancer, si l\u2019on en croit le chef de l\u2019Etat, l\u2019on ne peut s\u2019emp\u00eacher de penser que l\u2019hyperactivit\u00e9 de l\u2019ex-Premier ministre a \u00e9t\u00e9 pour quelque chose dans sa disparition brutale. Cumuler les charges du chef du gouvernement, du ministre de la d\u00e9fense, de maire d\u2019Abobo et d\u2019autres fonctions moins officielles, sont quasiment insup-portables pour un seul homme. L\u2019histoire se r\u00e9p\u00e8te pour la C\u00f4te d\u2019Ivoire, car ce d\u00e9c\u00e8s intervient huit mois apr\u00e8s celui de son pr\u00e9d\u00e9cesseur, Amadou Gon Coulibaly le 8 juillet 2020. Orphelin, le pr\u00e9sident Alassane Ouattara para\u00eet plus que jamais comme un porte-malheur pour son pays. Et ce d\u00e9c\u00e8s ne manquera pas de supputations notamment pour ceux qui n\u2019avaient pas vu d\u2019un bon \u0153il son troisi\u00e8me bail, consid\u00e9r\u00e9 comme un mandat de trop et de tous les dangers.<\/p>\n<p>Anselme KAMBIRE<\/p>\n<div class=\"td-a-rec td-a-rec-id-content_bottom tdi_33_8e4 td_block_template_1\">\n<p><img loading=\"lazy\" decoding=\"async\" class=\"aligncenter size-full wp-image-27454\" src=\"https:\/\/www.sidwaya.info\/wp-content\/uploads\/2020\/10\/PUB-Bandeau-paiement-mobile-siteweb.jpg\" alt=\"\" width=\"728\" height=\"90\"\/><\/div>\n<p>Auteur: BM. Sidwaya<br \/>\n<a href=\"https:\/\/www.sidwaya.info\/blog\/2021\/03\/10\/cote-divoire-le-premier-ministre-hamed-bakayoko-sest-ecroule\/\">Cliquez ici pour lire l&rsquo;article depuis sa source.<\/a><\/p>\n","protected":false},"excerpt":{"rendered":"<p>La nouvelle est tomb\u00e9e hier 10 mars 2021 dans la soir\u00e9e comme un couperet. Ahmed Bakayoko, Premier ministre de C\u00f4te d\u2019Ivoire, est d\u00e9c\u00e9d\u00e9 \u00e0 l\u2019\u00e2ge de 56 ans, en Allemagne o\u00f9 il avait \u00e9t\u00e9 transf\u00e9r\u00e9 d\u2019urgence dans la matin\u00e9e du 6 mars, des suites d\u2019un cancer. Le 18 f\u00e9vrier, il avait \u00e9t\u00e9 \u00e9vacu\u00e9 \u00e0 l\u2019h\u00f4pital [&hellip;]<\/p>\n","protected":false},"author":1816,"featured_media":0,"comment_status":"closed","ping_status":"closed","sticky":false,"template":"","format":"standard","meta":{"fifu_image_url":"https:\/\/www.sidwaya.info\/wp-content\/uploads\/2021\/03\/Hambak011-696x727.jpg","fifu_image_alt":"C\u00f4te d\u2019Ivoire: le Premier ministre Hamed Bakayoko s\u2019est \u00e9croul\u00e9","footnotes":""},"categories":[73,81],"tags":[],"class_list":["post-112904","post","type-post","status-publish","format-standard","hentry","category-actualite","category-burkina-faso"],"_links":{"self":[{"href":"https:\/\/linitiative.ca\/International\/wp-json\/wp\/v2\/posts\/112904","targetHints":{"allow":["GET"]}}],"collection":[{"href":"https:\/\/linitiative.ca\/International\/wp-json\/wp\/v2\/posts"}],"about":[{"href":"https:\/\/linitiative.ca\/International\/wp-json\/wp\/v2\/types\/post"}],"author":[{"embeddable":true,"href":"https:\/\/linitiative.ca\/International\/wp-json\/wp\/v2\/users\/1816"}],"replies":[{"embeddable":true,"href":"https:\/\/linitiative.ca\/International\/wp-json\/wp\/v2\/comments?post=112904"}],"version-history":[{"count":0,"href":"https:\/\/linitiative.ca\/International\/wp-json\/wp\/v2\/posts\/112904\/revisions"}],"wp:attachment":[{"href":"https:\/\/linitiative.ca\/International\/wp-json\/wp\/v2\/media?parent=112904"}],"wp:term":[{"taxonomy":"category","embeddable":true,"href":"https:\/\/linitiative.ca\/International\/wp-json\/wp\/v2\/categories?post=112904"},{"taxonomy":"post_tag","embeddable":true,"href":"https:\/\/linitiative.ca\/International\/wp-json\/wp\/v2\/tags?post=112904"}],"curies":[{"name":"wp","href":"https:\/\/api.w.org\/{rel}","templated":true}]}}