{"id":112909,"date":"2021-03-10T12:15:33","date_gmt":"2021-03-10T17:15:33","guid":{"rendered":"https:\/\/linitiative.ca\/International\/gestion-des-biens-les-heritiers-de-pascal-monkam-au-tribunal\/"},"modified":"2021-03-10T12:15:33","modified_gmt":"2021-03-10T17:15:33","slug":"gestion-des-biens-les-heritiers-de-pascal-monkam-au-tribunal","status":"publish","type":"post","link":"https:\/\/linitiative.ca\/International\/gestion-des-biens-les-heritiers-de-pascal-monkam-au-tribunal\/","title":{"rendered":"Gestion des biens : les h\u00e9ritiers de Pascal Monkam au tribunal"},"content":{"rendered":"<p>Des bribes de divisions s\u00e9vissent d\u00e9j\u00e0 au sein de la descendance de l\u2019homme d\u2019affaires camerounais Pascal Monkam, d\u00e9c\u00e9d\u00e9 le 27 f\u00e9vrier 2021 \u00e0 Pretoria en Afrique du Sud, et dont la d\u00e9pouille y est encore. Alain-Christian Monkam Nganou, l\u2019un des fils du d\u00e9funt a saisi le 05 mars dernier le juge des requ\u00eates du Tribunal de premi\u00e8re instance de Douala-Bonanjo \u00abaux fins d\u2019\u00eatre autoris\u00e9 \u00e0 assigner \u00e0 bref d\u00e9lais aux fins de d\u00e9signation d\u2019un administrateur s\u00e9questre des biens de feu Monkam Pascal\u00bb. L\u2019audience y aff\u00e9rente s\u2019est d\u2019ailleurs ouverte ce lundi 08 mars et la proc\u00e9dure est encore pendante apprends-on.\u00a0<\/p>\n<p>\u00a0Avocat de profession, Alain-Christian Monkam Nganou justifie sa d\u00e9marche par l\u2019absence de consensus familial et la diversit\u00e9 des dirigeants \u00e0 la t\u00eate du patrimoine Monkam: \u00abde son vivant, \u00a0Monsieur Monkam Pascal g\u00e9rait lui-m\u00eame ses affaires. Il r\u00e9cup\u00e9rait ou faisait r\u00e9cup\u00e9rer le chiffre d\u2019affaires de chacun de ses \u00e9tablissements. A la t\u00eate \u00a0de chacun des \u00e9tablissements, Monsieur Pascal Monkam a plac\u00e9 certains de ses enfants petits-enfants\u2026.. Aujourd\u2019hui, \u00a0il y a lieu de craindre que chacun de ses dirigeants \u00a0fait sien le chiffre d\u2019affaires de chaque \u00e9tablissement\u00bb, indique Alain-Christian Monkam Pascal.<\/p>\n<p><strong>Lire aussi<\/strong> : <a href=\"https:\/\/ecomatin.net\/le-pdg-des-hotels-la-falaise-pascal-monkam-nest-plus\/\">Le PDG des h\u00f4tels la Falaise Pascal Monkam n\u2019est plus<\/a><\/p>\n<p>Pour pr\u00e9server le patrimoine et la p\u00e9rennit\u00e9 du groupe l\u2019administrateur s\u00e9questre aura trois missions principales: \u00abs\u00e9curiser les comptes bancaires du groupe, v\u00e9rifier le bon encaissement du chiffre d\u2019affaires de chacun des \u00e9tablissements, v\u00e9rifier toutes les d\u00e9penses en s\u2019assurant qu\u2019elles sont bien effectu\u00e9es dans l\u2019int\u00e9r\u00eat du groupe\u00bb.\u00a0<\/p>\n<p>Le requ\u00e9rant fonde sa d\u00e9marche \u00a0sur l\u2019article 1961 du Code civil, et les articles 182 et suivants du Code de proc\u00e9dure civil. Attendant par cons\u00e9quent \u00a0du Tribunal de premi\u00e8re instance de Douala-Bonanjo \u00abla d\u00e9signation de telle personne comme administrateur s\u00e9questre des biens de feu Monkam Pascal, dire et juger les missions de l\u2019administrateur s\u00e9questre, dire et juger que l\u2019administration s\u00e9questre prendra fin apr\u00e8s les obs\u00e8ques de Monsieur Pascal Monkam, l\u2019ouverture testamentaire et la tenue d\u2019une assembl\u00e9e g\u00e9n\u00e9rale, dire et juger que l\u2019administration s\u00e9questre produira un rapport pour homologation par devant le juge des c\u00e9ans, dire et juger que les honoraires de l\u2019administrateur s\u00e9questre seront fix\u00e9s par le juge des c\u00e9ans etc\u00bb.<\/p>\n<p><strong>Lire aussi<\/strong> : <a href=\"https:\/\/ecomatin.net\/patriotisme-economique-la-serie-noire\/\">Patriotisme \u00e9conomique : la s\u00e9rie noire<\/a><\/p>\n<p>\u00a0Il est important de rappeler que des scell\u00e9s ont aussit\u00f4t \u00e9t\u00e9 appos\u00e9s sur la chambre et le bureau de Pascal Monkam par le Procureur g\u00e9n\u00e9ral de la R\u00e9publique, apr\u00e8s l\u2019annonce officielle de sa disparition. \u00abLa d\u00e9signation d\u2019un administrateur s\u00e9questre par le juge des c\u00e9ans sera \u00e9galement en coh\u00e9rence avec le placement sous scell\u00e9s\u00bb, pense Alain-Christian Monkam Nganou.\u00a0<\/p>\n<p>Une autorisation d\u2019assignation aux fins de d\u00e9signation d\u2019un administrateur s\u00e9questre des biens de feu Monkam Pascal accord\u00e9e \u00e0 ce dernier r\u00e9sidant \u00e0 Paris en France ouvrirait la porte \u00e0 de vives tensions au sein du clan MonKam. L\u2019assignation requise concerne les \u00e9pouses Monkam (Jeanne Monkam, Jacqueline Monkam, Jeannette Monkam, Doroth\u00e9e Monkam, et Chantal Monkam), et aux enfants et collat\u00e9raux \u00a0du d\u00e9funt \u00a0(Sandra Monkam, Herv\u00e9 Monkam, Christelle n\u00e9e Monkam, Ir\u00e8ne \u00a0n\u00e9e Monkam, Suzie Monkam, Josiane Monkam, Pascal Monkam, Marie n\u00e9e Monkam, Clotilde Monkam, Michel Monkam, Agathe Entche n\u00e9e Monkam, Maximilien Monkam et F\u00e9licit\u00e9 Monkam). Pour m\u00e9moire, c\u2019est Alain-Christian Monkam Nganou qui a apport\u00e9 un d\u00e9menti formel sur le d\u00e9c\u00e8s de son g\u00e9niteur alors les r\u00e9seaux sociaux annon\u00e7aient son d\u00e9c\u00e8s le 17 f\u00e9vrier 2021. C\u2019est encore le requ\u00e9rant qui, finalement, va une fois de plus confirmer officiellement quelques jours apr\u00e8s, la mort de Pascal Monkam.<\/p>\n<p><strong>Lire aussi<\/strong> : <a href=\"https:\/\/ecomatin.net\/la-chaine-hoteliere-la-falaise-ferme-a-douala\/\">Coronavirus : la cha\u00eene h\u00f4teli\u00e8re La Falaise ferme au Cameroun<\/a><\/p>\n<p>Auteur: Georges Semey<br \/>\n<a href=\"https:\/\/ecomatin.net\/gestion-des-biens-les-heritiers-de-pascal-monkam-au-tribunal\/\">Cliquez ici pour lire l&rsquo;article depuis sa source.<\/a><\/p>\n","protected":false},"excerpt":{"rendered":"<p>Des bribes de divisions s\u00e9vissent d\u00e9j\u00e0 au sein de la descendance de l\u2019homme d\u2019affaires camerounais Pascal Monkam, d\u00e9c\u00e9d\u00e9 le 27 f\u00e9vrier 2021 \u00e0 Pretoria en Afrique du Sud, et dont la d\u00e9pouille y est encore. Alain-Christian Monkam Nganou, l\u2019un des fils du d\u00e9funt a saisi le 05 mars dernier le juge des requ\u00eates du Tribunal [&hellip;]<\/p>\n","protected":false},"author":1969,"featured_media":0,"comment_status":"closed","ping_status":"closed","sticky":false,"template":"","format":"standard","meta":{"fifu_image_url":"","fifu_image_alt":"","footnotes":""},"categories":[82,78],"tags":[],"class_list":["post-112909","post","type-post","status-publish","format-standard","hentry","category-cameroun","category-economie"],"_links":{"self":[{"href":"https:\/\/linitiative.ca\/International\/wp-json\/wp\/v2\/posts\/112909","targetHints":{"allow":["GET"]}}],"collection":[{"href":"https:\/\/linitiative.ca\/International\/wp-json\/wp\/v2\/posts"}],"about":[{"href":"https:\/\/linitiative.ca\/International\/wp-json\/wp\/v2\/types\/post"}],"author":[{"embeddable":true,"href":"https:\/\/linitiative.ca\/International\/wp-json\/wp\/v2\/users\/1969"}],"replies":[{"embeddable":true,"href":"https:\/\/linitiative.ca\/International\/wp-json\/wp\/v2\/comments?post=112909"}],"version-history":[{"count":0,"href":"https:\/\/linitiative.ca\/International\/wp-json\/wp\/v2\/posts\/112909\/revisions"}],"wp:attachment":[{"href":"https:\/\/linitiative.ca\/International\/wp-json\/wp\/v2\/media?parent=112909"}],"wp:term":[{"taxonomy":"category","embeddable":true,"href":"https:\/\/linitiative.ca\/International\/wp-json\/wp\/v2\/categories?post=112909"},{"taxonomy":"post_tag","embeddable":true,"href":"https:\/\/linitiative.ca\/International\/wp-json\/wp\/v2\/tags?post=112909"}],"curies":[{"name":"wp","href":"https:\/\/api.w.org\/{rel}","templated":true}]}}