{"id":112911,"date":"2021-03-10T14:52:46","date_gmt":"2021-03-10T19:52:46","guid":{"rendered":"https:\/\/linitiative.ca\/International\/barrage-de-nachtigal-un-nouveau-directeur-general-pour-eteindre-la-grogne-des-employes\/"},"modified":"2021-03-10T14:52:46","modified_gmt":"2021-03-10T19:52:46","slug":"barrage-de-nachtigal-un-nouveau-directeur-general-pour-eteindre-la-grogne-des-employes","status":"publish","type":"post","link":"https:\/\/linitiative.ca\/International\/barrage-de-nachtigal-un-nouveau-directeur-general-pour-eteindre-la-grogne-des-employes\/","title":{"rendered":"Barrage de Nachtigal : Un nouveau Directeur g\u00e9n\u00e9ral pour \u00e9teindre la grogne des employ\u00e9s"},"content":{"rendered":"<p>Un vent d\u2019espoir souffle au sein de la \u00a0Nachtigal Hydro Power Company (Nhpc). En effet depuis le 1<sup>er<\/sup>\u00a0mars 2021, Vincent Leroux officie comme Directeur g\u00e9n\u00e9ral de cette entit\u00e9 apprend-t-on.\u00a0\u00ab\u00a0C\u2019est une tr\u00e8s grande fiert\u00e9 de rejoindre Nhpc et de m\u2019engager aux c\u00f4t\u00e9s des femmes et des hommes mobilis\u00e9s au quotidien pour la r\u00e9ussite de ce formidable projet. J\u2019ai trouv\u00e9 remarquable la prise en compte de la sant\u00e9 et la s\u00e9curit\u00e9 sur le chantier, et j\u2019encourage toutes les \u00e9quipes \u00e0 continuer dans cette voie\u00bb, a-t-il d\u00e9clar\u00e9. Il remplace \u00e0 ce poste Augusto Soares Dos Rei qui l\u2019occupait depuis 2018.<\/p>\n<p>Le choix de ce dernier n\u2019est pas alors anodin, il jouit d\u2019une grande exp\u00e9rience de direction g\u00e9n\u00e9rale et de management de projet en France et \u00e0 l\u2019international, apr\u00e8s ses \u00e9tudes \u00e0 Centrale Paris dont il est dipl\u00f4m\u00e9.\u00a0\u00a0Il a \u00e9t\u00e9 en charge d\u2019un contrat de d\u00e9l\u00e9gation d\u2019hydraulique rural au S\u00e9n\u00e9gal, apr\u00e8s avoir dirig\u00e9 d\u2019importants sites agro-industriels en R\u00e9publique du Congo puis au S\u00e9n\u00e9gal, ainsi qu\u2019un projet de dessalement d\u2019eau de mer en Alg\u00e9rie.<\/p>\n<p><strong>Lire aussi<\/strong> : <strong><a href=\"https:\/\/ecomatin.net\/dans-les-coulisses-de-la-greve-sur-le-chantier-du-barrage-de-nachtigal\/\">Dans les coulisses de la gr\u00e8ve sur le chantier du barrage de Nachtigal<\/a><\/strong><\/p>\n<p><strong>Climat social<\/strong><\/p>\n<p>Vincent Leroux\u00a0arrive alors \u00e0 la t\u00eate de cette structure dans un contexte marqu\u00e9 par des agitations sociales avec des gr\u00e8ves \u00e0 r\u00e9p\u00e9tition des employ\u00e9s qui plombent l\u2019avanc\u00e9e des travaux. A l\u2019ordre des revendications, les employ\u00e9s du chantier de construction du barrage de Nachtigal d\u00e9noncent une grille salariale \u00ab\u00a0extr\u00eamement basse\u00a0\u00bb par rapport \u00e0 celle pratiqu\u00e9e dans d\u2019autres chantiers. \u00ab\u00a0Les salaires commencent \u00e0 50.000 Fcfa pour les man\u0153uvres. Il existe des primes qui peuvent \u00e9lever ce salaire \u00e0 110.000 Fcfa, mais personne ne peut avoir l\u2019ensemble de ces primes. Les salaires les plus bas tournent finalement autour de 80.000 frs\u00a0\u00bb, nous indique une source aux ressources humaines du projet. \u00ab\u00a0Nous avons travaill\u00e9 sur le chantier de construction pont du Wouri. Je touchais 800.000 \u00e0 1 million de Fcfa. Aujourd\u2019hui je suis \u00e0 250.000 Fcfa. \u00c7a ne motive pas\u00a0\u00bb, affirme un grutier. \u00ab\u00a0Je suis en cat\u00e9gorie 8, mon salaire de base c\u2019est 130.000 Fcfa\u00a0\u00bb, renseigne un autre employ\u00e9.<\/p>\n<p><strong>Lire aussi :<\/strong> <strong><a href=\"https:\/\/ecomatin.net\/barrage-de-nachtigal-800-milliards-sous-la-menace-de-la-covid-19\/\">Barrage de Nachtigal : 800 milliards sous la menace de la Covid-19<\/a><\/strong><\/p>\n<p>Dans la m\u00eame foul\u00e9e des revendications, les\u00a0 ouvriers du site de construction de Nachtigal estiment que l\u2019entreprise principale et ses sous-traitants ne respectent pas les contrats, soulignant la mauvaise qualit\u00e9 de la restauration, les pressions au travail, le mauvais management des \u00e9quipes et les disparit\u00e9s salariales entre autres. \u00ab\u00a0Le r\u00e8glement int\u00e9rieur du chantier stipule que trois jours d\u2019absence donnent droit \u00e0 une demande d\u2019explication. Comment ils peuvent consid\u00e9rer autant d\u2019absences alors qu\u2019ils n\u2019ont jamais servi de demande d\u2019explication \u00e0 qui que ce soit\u00bb, d\u00e9clare une source.<\/p>\n<p><strong>Lire aussi<\/strong> : <strong><a href=\"https:\/\/ecomatin.net\/afriland-first-bank-cite-dans-une-affaire-de-blanchiment-dargent-en-rdc\/\">Barrage Nachtigal : Le calvaire de la main d\u2019\u0153uvre locale<\/a><\/strong><\/p>\n<p>En plus de la question de la gr\u00e8ve, il devra conduire le projet\u00a0\u00a0\u00e0 terme. Selon le cahier de charges il est pr\u00e9vu que le barrage soit mis en service en 2023. \u00ab\u00a0Nous allons poursuivre la construction d\u2019un ouvrage s\u00fbr, performant et avec les meilleurs standards environnementaux et sociaux, et pr\u00e9parer, tous ensemble, sa future exploitation\u00a0\u00bb, rench\u00e9rit Vincent Leroux. Selon le dernier pointage effectu\u00e9 sur l\u2019avancement du chantier l\u2019on observe un\u00a0\u00a0taux d\u2019avancement du lot g\u00e9nie civil de 36,6%. L\u2019\u00e9lectrom\u00e9canique est depuis peu entr\u00e9e en lice, avec les deux premiers ponts roulants, mont\u00e9s respectivement en d\u00e9cembre 2020 et janvier 2021, affiche quant-\u00e0-eux un taux d\u2019avancement de 30,6%. La ligne d\u2019\u00e9vacuation d\u2019\u00e9nergie, elle affiche un taux d\u2019avancement \u00e0 fin janvier \u00e0 57,8%.<\/p>\n<p><strong>Lire aussi<\/strong> : <strong><a href=\"https:\/\/ecomatin.net\/barrage-hydroelectrique-gaston-eloundou-essomba-prescrit-la-livraison-a-date-de-nachtigal\/\">Barrage hydro\u00e9lectrique : Gaston Eloundou Essomba prescrit la livraison \u00e0 date de Nachtigal<\/a><\/strong><\/p>\n<p>Pour rappel, d\u2019un co\u00fbt de pr\u00e8s de 800 milliards de FCFA, le projet d\u2019am\u00e9nagement hydro\u00e9lectrique de Nachtigal repr\u00e9sente un investissement strat\u00e9gique pour l\u2019Etat. Situ\u00e9e sur le fleuve Sanaga, il \u00a0permettra d\u2019augmenter l\u2019offre d\u2019\u00e9lectricit\u00e9 du pays de pr\u00e8s d\u2019un tiers, avec une capacit\u00e9 de 420 m\u00e9gawatts.\u00a0\u00a0<\/p>\n<p>Auteur: Amina MALLOUM<br \/>\n<a href=\"https:\/\/ecomatin.net\/barrage-de-nachtigal-un-nouveau-directeur-general-pour-eteindre-la-grogne-des-employes\/\">Cliquez ici pour lire l&rsquo;article depuis sa source.<\/a><\/p>\n","protected":false},"excerpt":{"rendered":"<p>Un vent d\u2019espoir souffle au sein de la \u00a0Nachtigal Hydro Power Company (Nhpc). En effet depuis le 1er\u00a0mars 2021, Vincent Leroux officie comme Directeur g\u00e9n\u00e9ral de cette entit\u00e9 apprend-t-on.\u00a0\u00ab\u00a0C\u2019est une tr\u00e8s grande fiert\u00e9 de rejoindre Nhpc et de m\u2019engager aux c\u00f4t\u00e9s des femmes et des hommes mobilis\u00e9s au quotidien pour la r\u00e9ussite de ce formidable [&hellip;]<\/p>\n","protected":false},"author":1969,"featured_media":0,"comment_status":"closed","ping_status":"closed","sticky":false,"template":"","format":"standard","meta":{"fifu_image_url":"","fifu_image_alt":"","footnotes":""},"categories":[82,78],"tags":[],"class_list":["post-112911","post","type-post","status-publish","format-standard","hentry","category-cameroun","category-economie"],"_links":{"self":[{"href":"https:\/\/linitiative.ca\/International\/wp-json\/wp\/v2\/posts\/112911","targetHints":{"allow":["GET"]}}],"collection":[{"href":"https:\/\/linitiative.ca\/International\/wp-json\/wp\/v2\/posts"}],"about":[{"href":"https:\/\/linitiative.ca\/International\/wp-json\/wp\/v2\/types\/post"}],"author":[{"embeddable":true,"href":"https:\/\/linitiative.ca\/International\/wp-json\/wp\/v2\/users\/1969"}],"replies":[{"embeddable":true,"href":"https:\/\/linitiative.ca\/International\/wp-json\/wp\/v2\/comments?post=112911"}],"version-history":[{"count":0,"href":"https:\/\/linitiative.ca\/International\/wp-json\/wp\/v2\/posts\/112911\/revisions"}],"wp:attachment":[{"href":"https:\/\/linitiative.ca\/International\/wp-json\/wp\/v2\/media?parent=112911"}],"wp:term":[{"taxonomy":"category","embeddable":true,"href":"https:\/\/linitiative.ca\/International\/wp-json\/wp\/v2\/categories?post=112911"},{"taxonomy":"post_tag","embeddable":true,"href":"https:\/\/linitiative.ca\/International\/wp-json\/wp\/v2\/tags?post=112911"}],"curies":[{"name":"wp","href":"https:\/\/api.w.org\/{rel}","templated":true}]}}