{"id":112913,"date":"2021-03-11T08:21:22","date_gmt":"2021-03-11T13:21:22","guid":{"rendered":"https:\/\/linitiative.ca\/International\/le-conseil-de-gouvernement-adopte-le-projet-de-loi-portant-usage-legal-du-cannabis\/"},"modified":"2021-03-11T08:21:22","modified_gmt":"2021-03-11T13:21:22","slug":"le-conseil-de-gouvernement-adopte-le-projet-de-loi-portant-usage-legal-du-cannabis","status":"publish","type":"post","link":"https:\/\/linitiative.ca\/International\/le-conseil-de-gouvernement-adopte-le-projet-de-loi-portant-usage-legal-du-cannabis\/","title":{"rendered":"Le Conseil de gouvernement adopte le projet de loi portant usage l\u00e9gal du cannabis"},"content":{"rendered":"<header>\n<\/header>\n<div class=\"entry-content clearfix\" readability=\"48\">\n<figure class=\"post-thumbnail\" itemprop=\"associatedMedia\" itemscope=\"itemscope\" itemtype=\"http:\/\/schema.org\/ImageObject\"><img decoding=\"async\" class=\"post_layout_5_img\" src=\"http:\/\/aujourdhui.ma\/wp-content\/uploads\/2021\/03\/cannabis.jpg\" alt=\"Le Conseil de gouvernement adopte le projet de loi portant usage l\u00e9gal du cannabis\"\/><\/figure>\n<p><strong>Le Conseil de gouvernement, r\u00e9uni jeudi par visioconf\u00e9rence sous la pr\u00e9sidence du Chef du Gouvernement, Saad Dine El Otmani, a adopt\u00e9 le projet de loi n\u00b013.21 portant usages licites du cannabis.<\/strong><span id=\"more-370781\"\/><\/p>\n<p>L\u2019adoption de projet de loi a \u00e9t\u00e9 annonc\u00e9e par le ministre de l\u2019\u00c9ducation nationale, de la Formation professionnelle, de l\u2019Enseignement sup\u00e9rieur et de la Recherche scientifique, porte-parole du gouvernement, Saaid Amzazi, dans un communiqu\u00e9 lu lors d\u2019un point de presse \u00e0 l\u2019issue du Conseil.<\/p>\n<p>Le Conseil de gouvernement avait entam\u00e9 l\u2019examen de ce projet de loi le 25 f\u00e9vrier dernier.<\/p>\n<\/div>\n<p>Auteur: ALM<br \/>\n<a href=\"https:\/\/aujourdhui.ma\/actualite\/le-conseil-de-gouvernement-adopte-le-projet-de-loi-portant-usage-legal-du-cannabis\">Cliquez ici pour lire l&rsquo;article depuis sa source.<\/a><\/p>\n","protected":false},"excerpt":{"rendered":"<p>Le Conseil de gouvernement, r\u00e9uni jeudi par visioconf\u00e9rence sous la pr\u00e9sidence du Chef du Gouvernement, Saad Dine El Otmani, a adopt\u00e9 le projet de loi n\u00b013.21 portant usages licites du cannabis. L\u2019adoption de projet de loi a \u00e9t\u00e9 annonc\u00e9e par le ministre de l\u2019\u00c9ducation nationale, de la Formation professionnelle, de l\u2019Enseignement sup\u00e9rieur et de la [&hellip;]<\/p>\n","protected":false},"author":1759,"featured_media":0,"comment_status":"closed","ping_status":"closed","sticky":false,"template":"","format":"standard","meta":{"fifu_image_url":"http:\/\/aujourdhui.ma\/wp-content\/uploads\/2021\/03\/cannabis.jpg","fifu_image_alt":"Le Conseil de gouvernement adopte le projet de loi portant usage l\u00e9gal du cannabis","footnotes":""},"categories":[73,54],"tags":[],"class_list":["post-112913","post","type-post","status-publish","format-standard","hentry","category-actualite","category-maroc"],"_links":{"self":[{"href":"https:\/\/linitiative.ca\/International\/wp-json\/wp\/v2\/posts\/112913","targetHints":{"allow":["GET"]}}],"collection":[{"href":"https:\/\/linitiative.ca\/International\/wp-json\/wp\/v2\/posts"}],"about":[{"href":"https:\/\/linitiative.ca\/International\/wp-json\/wp\/v2\/types\/post"}],"author":[{"embeddable":true,"href":"https:\/\/linitiative.ca\/International\/wp-json\/wp\/v2\/users\/1759"}],"replies":[{"embeddable":true,"href":"https:\/\/linitiative.ca\/International\/wp-json\/wp\/v2\/comments?post=112913"}],"version-history":[{"count":0,"href":"https:\/\/linitiative.ca\/International\/wp-json\/wp\/v2\/posts\/112913\/revisions"}],"wp:attachment":[{"href":"https:\/\/linitiative.ca\/International\/wp-json\/wp\/v2\/media?parent=112913"}],"wp:term":[{"taxonomy":"category","embeddable":true,"href":"https:\/\/linitiative.ca\/International\/wp-json\/wp\/v2\/categories?post=112913"},{"taxonomy":"post_tag","embeddable":true,"href":"https:\/\/linitiative.ca\/International\/wp-json\/wp\/v2\/tags?post=112913"}],"curies":[{"name":"wp","href":"https:\/\/api.w.org\/{rel}","templated":true}]}}