{"id":112914,"date":"2021-03-11T10:00:12","date_gmt":"2021-03-11T15:00:12","guid":{"rendered":"https:\/\/linitiative.ca\/International\/moucharaka-mouwatina-lancement-dun-cycle-de-webinaires-axe-sur-les-jeunes\/"},"modified":"2021-03-11T10:00:12","modified_gmt":"2021-03-11T15:00:12","slug":"moucharaka-mouwatina-lancement-dun-cycle-de-webinaires-axe-sur-les-jeunes","status":"publish","type":"post","link":"https:\/\/linitiative.ca\/International\/moucharaka-mouwatina-lancement-dun-cycle-de-webinaires-axe-sur-les-jeunes\/","title":{"rendered":"Moucharaka Mouwatina : Lancement d\u2019un cycle de webinaires  ax\u00e9 sur les jeunes"},"content":{"rendered":"<figure class=\"post-thumbnail\" itemprop=\"associatedMedia\" itemscope=\"itemscope\" itemtype=\"http:\/\/schema.org\/ImageObject\"><img decoding=\"async\" class=\"post_layout_5_img\" src=\"http:\/\/aujourdhui.ma\/wp-content\/uploads\/2021\/03\/Moucharaka-Mouwatina.jpg\" alt=\"Moucharaka Mouwatina : Lancement d\u2019un cycle de webinaires ax\u00e9 sur les jeunes\"\/><\/figure>\n<p><span class=\"c5\"><strong>Le programme Moucharaka Mouwatina soutient 235 associations locales \u00e0 travers l\u2019appui technique et financier aux actions de proximit\u00e9, visant l\u2019\u00e9largissement des espaces de concertation et de dialogue avec les autorit\u00e9s locales et les \u00e9lus dans quatre r\u00e9gions du Maroc.<\/strong><\/span><span id=\"more-370757\"\/><\/p>\n<p>Le programme Moucharaka Mouwatina lance en partenariat avec l\u2019Initiative Nationale pour le d\u00e9veloppement humain (INDH), le conseil \u00e9conomique, social et environnemental et le Conseil national des droits de l\u2019Homme un cycle des webinaires ax\u00e9 sur les jeunes.<\/p>\n<p>Dans les d\u00e9tails, le programme Moucharaka Mouwatina, financ\u00e9 par l\u2019Union europ\u00e9enne, voudrait contribuer \u00e0 une r\u00e9flexion r\u00e9trospective \u00e0 travers l\u2019organisation d\u2019un cycle de webinaires sur trois journ\u00e9es lanc\u00e9 mercredi, afin de pr\u00e9senter les dynamiques r\u00e9gionales dans le domaine de la jeunesse et mettre l\u2019accent sur les diff\u00e9rentes initiatives au sein du programme port\u00e9es par les jeunes et sp\u00e9cifiquement les jeunes filles.<\/p>\n<p>Ce cycle de webinaires sera divis\u00e9 en deux parties : la premi\u00e8re partie s\u2019inscrit dans un contexte particulier qui est la Journ\u00e9e mondiale de la femme. Il repr\u00e9sente une occasion pour faire une lecture sur la perception que se font les jeunes filles engag\u00e9es au sein du mouvement associatif de la r\u00e9alisation de leurs aspirations \u00e0 l\u2019inclusion \u00e9conomique et sociale, afin de v\u00e9rifier l\u2019opinion de ces jeunes par rapport aux changements survenus et la profondeur de la transformation sociale qui s\u2019op\u00e8re au niveau civil.<\/p>\n<p>La deuxi\u00e8me partie est consacr\u00e9e \u00e0 la pr\u00e9sentation des efforts des jeunes \u00e0 travailler en r\u00e9seau sous forme de p\u00f4les de comp\u00e9tences sur des enjeux communs.<br \/>En effet, le programme Moucharaka Mouwatina soutient 235 associations locales \u00e0 travers l\u2019appui technique et financier aux actions de proximit\u00e9, visant l\u2019\u00e9largissement des espaces de concertation et de dialogue avec les autorit\u00e9s locales et les \u00e9lus dans quatre r\u00e9gions du Maroc. 116 projets subventionn\u00e9s (56% du nombre total des projets soutenus) concernent le domaine de la jeunesse.<\/p>\n<p>Dans ce cadre d\u2019accompagnement le programme Moucharaka Mouwatina a aussi amorc\u00e9 une dynamique de rencontres r\u00e9gionales, ciblant les jeunes actifs au sein des associations partenaires, dont un certain nombre s\u2019est coalis\u00e9 dans des p\u00f4les de comp\u00e9tences formant un vivier de jeunes leaders avec une participation mieux structur\u00e9e au d\u00e9veloppement de leurs r\u00e9gions respectives et du pays en g\u00e9n\u00e9ral. Le cycle de webinaires permettra de donner la parole \u00e0 ces jeunes pour s\u2019exprimer sur leurs projets et initiatives permettant de faire progresser \u00e9mancipation, d\u00e9mocratie et citoyennet\u00e9 dans le Royaume.<\/p>\n<p>Il s\u2019agit \u00e9galement d\u2019analyser comment une cat\u00e9gorie de jeunes (associatifs) s\u2019est saisie des m\u00e9canismes constitutionnels et l\u00e9gaux pour agir en tant que citoyens engag\u00e9s et acteurs du changement collectif. Selon les initiateurs de ce programme, \u00abce cycle vise \u00e0 analyser les sph\u00e8res d\u2019engagement et de participation des jeunes dans les quatre r\u00e9gions cibl\u00e9es par le programme Moucharaka Mouwatina et mettre en perspective la dynamique de coalitions des jeunes au sein de p\u00f4les de comp\u00e9tences relatifs \u00e0 l\u2019employabilit\u00e9 et l\u2019autonomisation socio-\u00e9conomique des jeunes femmes, et identifiera les acteurs pertinents concern\u00e9s par l\u2019autonomisation des jeunes filles, et mettre au point les difficult\u00e9s rencontr\u00e9es afin d\u2019aboutir \u00e0 des recommandations et des propositions de strat\u00e9gies du suivi\u00bb.<\/p>\n<p>Auteur: Mohamed Laabid<br \/>\n<a href=\"https:\/\/aujourdhui.ma\/societe\/moucharaka-mouwatina-lancement-dun-cycle-de-webinaires-axe-sur-les-jeunes\">Cliquez ici pour lire l&rsquo;article depuis sa source.<\/a><\/p>\n","protected":false},"excerpt":{"rendered":"<p>Le programme Moucharaka Mouwatina soutient 235 associations locales \u00e0 travers l\u2019appui technique et financier aux actions de proximit\u00e9, visant l\u2019\u00e9largissement des espaces de concertation et de dialogue avec les autorit\u00e9s locales et les \u00e9lus dans quatre r\u00e9gions du Maroc. Le programme Moucharaka Mouwatina lance en partenariat avec l\u2019Initiative Nationale pour le d\u00e9veloppement humain (INDH), le [&hellip;]<\/p>\n","protected":false},"author":1759,"featured_media":0,"comment_status":"closed","ping_status":"closed","sticky":false,"template":"","format":"standard","meta":{"fifu_image_url":"http:\/\/aujourdhui.ma\/wp-content\/uploads\/2021\/03\/Moucharaka-Mouwatina.jpg","fifu_image_alt":"Moucharaka Mouwatina : Lancement d\u2019un cycle de webinaires  ax\u00e9 sur les jeunes","footnotes":""},"categories":[73,54],"tags":[],"class_list":["post-112914","post","type-post","status-publish","format-standard","hentry","category-actualite","category-maroc"],"_links":{"self":[{"href":"https:\/\/linitiative.ca\/International\/wp-json\/wp\/v2\/posts\/112914","targetHints":{"allow":["GET"]}}],"collection":[{"href":"https:\/\/linitiative.ca\/International\/wp-json\/wp\/v2\/posts"}],"about":[{"href":"https:\/\/linitiative.ca\/International\/wp-json\/wp\/v2\/types\/post"}],"author":[{"embeddable":true,"href":"https:\/\/linitiative.ca\/International\/wp-json\/wp\/v2\/users\/1759"}],"replies":[{"embeddable":true,"href":"https:\/\/linitiative.ca\/International\/wp-json\/wp\/v2\/comments?post=112914"}],"version-history":[{"count":0,"href":"https:\/\/linitiative.ca\/International\/wp-json\/wp\/v2\/posts\/112914\/revisions"}],"wp:attachment":[{"href":"https:\/\/linitiative.ca\/International\/wp-json\/wp\/v2\/media?parent=112914"}],"wp:term":[{"taxonomy":"category","embeddable":true,"href":"https:\/\/linitiative.ca\/International\/wp-json\/wp\/v2\/categories?post=112914"},{"taxonomy":"post_tag","embeddable":true,"href":"https:\/\/linitiative.ca\/International\/wp-json\/wp\/v2\/tags?post=112914"}],"curies":[{"name":"wp","href":"https:\/\/api.w.org\/{rel}","templated":true}]}}