{"id":112915,"date":"2021-03-11T11:00:35","date_gmt":"2021-03-11T16:00:35","guid":{"rendered":"https:\/\/linitiative.ca\/International\/infantino-arrive-au-maroc-pour-la-43e-assemblee-generale-de-la-caf\/"},"modified":"2021-03-11T11:00:35","modified_gmt":"2021-03-11T16:00:35","slug":"infantino-arrive-au-maroc-pour-la-43e-assemblee-generale-de-la-caf","status":"publish","type":"post","link":"https:\/\/linitiative.ca\/International\/infantino-arrive-au-maroc-pour-la-43e-assemblee-generale-de-la-caf\/","title":{"rendered":"Infantino arrive au Maroc pour la 43\u00e8 Assembl\u00e9e g\u00e9n\u00e9rale de la CAF"},"content":{"rendered":"<header>\n<div class=\"entry-post-meta\">\n<div class=\"author-link\">Publi\u00e9 par <a itemprop=\"author\" itemscope=\"itemscope\" itemtype=\"https:\/\/schema.org\/Person\" href=\"https:\/\/aujourdhui.ma\/author\/kaid\" rel=\"author\"><span itemprop=\"name\">ALM<\/span><\/a><\/div>\n<p>Date\u00a0:<time content=\"2021-03-11T17:00:35+01:00\" class=\"entry-date updated\" datetime=\"2021-03-11T17:00:35+01:00\">mars 11, 2021<\/time><\/p>\n<div class=\"entry-cat\">dans:<a href=\"https:\/\/aujourdhui.ma\/category\/sports\" rel=\"category tag\">Sports<\/a>, <a href=\"https:\/\/aujourdhui.ma\/category\/une\" rel=\"category tag\">Une<\/a><\/div>\n<p>42Vues<\/p>\n<\/div>\n<\/header>\n<div class=\"entry-content clearfix\" readability=\"55\">\n<figure class=\"post-thumbnail\" itemprop=\"associatedMedia\" itemscope=\"itemscope\" itemtype=\"http:\/\/schema.org\/ImageObject\"><img decoding=\"async\" class=\"post_layout_5_img\" src=\"http:\/\/aujourdhui.ma\/wp-content\/uploads\/2021\/03\/fouzi-lekjaa-pesident-de-la-frmf-et-gianni-infantino-president-de-la-fifa.jpg\" alt=\"Infantino arrive au Maroc pour la 43\u00e8 Assembl\u00e9e g\u00e9n\u00e9rale de la CAF\"\/><\/figure>\n<p><span class=\"c5\"><strong>La 43\u00e8 Assembl\u00e9e g\u00e9n\u00e9rale \u00e9lective de la Conf\u00e9d\u00e9ration africaine de football (CAF) sera plac\u00e9e sous le signe de l\u2019unit\u00e9, du futur et du football africain, a d\u00e9clar\u00e9 le pr\u00e9sident de la F\u00e9d\u00e9ration internationale de football (FIFA), Gianni Infantino, \u00e0 son arriv\u00e9e jeudi \u00e0 l\u2019a\u00e9roport de Rabat-Sal\u00e9.<\/strong><\/span><br \/><span id=\"more-370785\"\/><\/p>\n<p>\u00ab\u00a0J\u2019aimerait, d\u2019ors et d\u00e9j\u00e0, remercier tous les participants et les d\u00e9l\u00e9gu\u00e9s, notre h\u00f4te ici, la F\u00e9d\u00e9ration royale marocaine de football (FRMF) en son pr\u00e9sident M. Faouzi Lakjaa\u00a0\u00bb, a pr\u00e9cis\u00e9 M. Infantino dans une d\u00e9claration \u00e0 la presse.<\/p>\n<p>Le pr\u00e9sident de la FIFA a salu\u00e9 \u00e9galement \u00ab\u00a0le travail remarquable de l\u2019administration pour nous accueillir. Pas seulement l\u2019Afrique du football mais le monde entier du football\u00a0\u00bb.<br \/>\u00ab\u00a0Le monde entier aura ses yeux riv\u00e9s sur le Maroc ses prochains jours. C\u2019est d\u2019autant plus important d\u2019\u00eatre l\u00e0, de travailler tous ensemble pour le futur du football dans ce continent\u00a0\u00bb, a t-il dit. M. Infantino devra assister \u00e0 l\u2019Assembl\u00e9e g\u00e9n\u00e9rale \u00e9lective de la Conf\u00e9d\u00e9ration africaine de football (CAF) qui se tiendra vendredi \u00e0 Rabat.<\/p>\n<\/div>\n<p>Auteur: ALM<br \/>\n<a href=\"https:\/\/aujourdhui.ma\/une\/infantino-arrive-au-maroc-pour-la-43e-assemblee-generale-de-la-caf\">Cliquez ici pour lire l&rsquo;article depuis sa source.<\/a><\/p>\n","protected":false},"excerpt":{"rendered":"<p>Publi\u00e9 par ALM Date\u00a0:mars 11, 2021 dans:Sports, Une 42Vues La 43\u00e8 Assembl\u00e9e g\u00e9n\u00e9rale \u00e9lective de la Conf\u00e9d\u00e9ration africaine de football (CAF) sera plac\u00e9e sous le signe de l\u2019unit\u00e9, du futur et du football africain, a d\u00e9clar\u00e9 le pr\u00e9sident de la F\u00e9d\u00e9ration internationale de football (FIFA), Gianni Infantino, \u00e0 son arriv\u00e9e jeudi \u00e0 l\u2019a\u00e9roport de Rabat-Sal\u00e9. [&hellip;]<\/p>\n","protected":false},"author":1759,"featured_media":0,"comment_status":"closed","ping_status":"closed","sticky":false,"template":"","format":"standard","meta":{"fifu_image_url":"http:\/\/aujourdhui.ma\/wp-content\/uploads\/2021\/03\/fouzi-lekjaa-pesident-de-la-frmf-et-gianni-infantino-president-de-la-fifa.jpg","fifu_image_alt":"Infantino arrive au Maroc pour la 43\u00e8 Assembl\u00e9e g\u00e9n\u00e9rale de la CAF","footnotes":""},"categories":[73,54],"tags":[],"class_list":["post-112915","post","type-post","status-publish","format-standard","hentry","category-actualite","category-maroc"],"_links":{"self":[{"href":"https:\/\/linitiative.ca\/International\/wp-json\/wp\/v2\/posts\/112915","targetHints":{"allow":["GET"]}}],"collection":[{"href":"https:\/\/linitiative.ca\/International\/wp-json\/wp\/v2\/posts"}],"about":[{"href":"https:\/\/linitiative.ca\/International\/wp-json\/wp\/v2\/types\/post"}],"author":[{"embeddable":true,"href":"https:\/\/linitiative.ca\/International\/wp-json\/wp\/v2\/users\/1759"}],"replies":[{"embeddable":true,"href":"https:\/\/linitiative.ca\/International\/wp-json\/wp\/v2\/comments?post=112915"}],"version-history":[{"count":0,"href":"https:\/\/linitiative.ca\/International\/wp-json\/wp\/v2\/posts\/112915\/revisions"}],"wp:attachment":[{"href":"https:\/\/linitiative.ca\/International\/wp-json\/wp\/v2\/media?parent=112915"}],"wp:term":[{"taxonomy":"category","embeddable":true,"href":"https:\/\/linitiative.ca\/International\/wp-json\/wp\/v2\/categories?post=112915"},{"taxonomy":"post_tag","embeddable":true,"href":"https:\/\/linitiative.ca\/International\/wp-json\/wp\/v2\/tags?post=112915"}],"curies":[{"name":"wp","href":"https:\/\/api.w.org\/{rel}","templated":true}]}}