{"id":112917,"date":"2021-03-11T06:13:06","date_gmt":"2021-03-11T11:13:06","guid":{"rendered":"https:\/\/linitiative.ca\/International\/meryem-aassid-un-air-de-jazz-souffle-sur-la-chanson-amazighe\/"},"modified":"2021-03-11T06:13:06","modified_gmt":"2021-03-11T11:13:06","slug":"meryem-aassid-un-air-de-jazz-souffle-sur-la-chanson-amazighe","status":"publish","type":"post","link":"https:\/\/linitiative.ca\/International\/meryem-aassid-un-air-de-jazz-souffle-sur-la-chanson-amazighe\/","title":{"rendered":"Meryem Aassid: un air de jazz souffle sur la chanson amazighe!"},"content":{"rendered":"<p class=\"c1\"><strong>Mohamed Nait Youssef<\/strong><\/p>\n<p class=\"has-text-color c2\"><strong>Une voix ang\u00e9lique, suave et puissante. Meryem Aassid, l\u2019une des jeunes voix montantes de la chanson amazighe a livr\u00e9, mercredi 10 mars, un concert hybride, \u00e0 la fois pr\u00e9sentiel et virtuel, au centre am\u00e9ricain \u00e0 Rabat dans le respect des mesures sanitaires.<\/strong><\/p>\n<p>En effet, le grand public et les amoureux de la musique ont d\u00e9couvert son talent lors du concert digital donn\u00e9 dans le cadre de l\u2019\u00e9dition \u00abconfin\u00e9e\u00bb du Visa For Music 2020. La jeune \u00e9tait porteuse d\u2019un projet artistique prometteur donnant un souffle novateur et universel \u00e0 la musique et aux chants amazighs \u00e0 savoir Jazz\u2019Amazigh.<\/p>\n<p>\u00c0 vrai dire, la musique voyage, les rythmes aussi. La chanteuse a rendu un vibrant hommage \u00e0 l\u2019un des t\u00e9nors de la po\u00e9sie et de la musique amazighe, Lhadj Bela\u00efd. On ne craint rien alors, la rel\u00e8ve est assur\u00e9e. \u00abUrtli tuder bla tayri\u00bb (il n\u2019y a pas de vie sans amour), c\u2019est avec ses mots que l\u2019artiste qui\u00a0 s\u2019est\u00a0 adress\u00e9e \u00e0 son public. A vrai dire, il n\u2019y a pas de vie aussi sans musique, notamment en ces temps de pand\u00e9mie o\u00f9 les humains ont besoin plus que jamais de l\u2019art et de la musique.<\/p>\n<p>Ainsi, en m\u00ealant les m\u00e9lodies de Jazz, les rythmes gnaouis, la chanteuse et compositrice a repris des titres du r\u00e9pertoire musical amazigh entre autres \u00abAhbibnou\u00bb avec un air \u00e0 la fois doux et sentimental. Une vraie d\u00e9couverte m\u00e9lodieuse au plaisir des oreilles! Journaliste de formation, Meryem, passionn\u00e9e de la musique\u00a0 et des chants amazighs depuis sa tendre enfance,\u00a0 a pris part au programme Musika, la musique comme moteur du d\u00e9veloppement durable au Maroc, organis\u00e9e par ANYA Music au Studio HIBA.<\/p>\n<p>Certes, l\u2019amazigh est sa langue \u00e9motionnelle et po\u00e9tique mais elle chante \u00e9galement en d\u2019autres langues l\u2019arabe, le fran\u00e7ais et l\u2019anglais.<\/p>\n<p>N\u00e9e en 1996, Meryem Aassid a fait ses premiers pas en int\u00e9grant la chorale de l\u2019IRCAM de Belaid El Akkaf. C\u2019est en 2015 que la jeune chanteuse et compositrice a mont\u00e9 le groupe musical \u00abInidamen\u00bb. L\u2019\u00e2me de la po\u00e9sie et des chants amazighs est toujours pr\u00e9sente dans sa musique et ses reprises. Par ailleurs, il fallait attendre l\u2019ann\u00e9e de\u00a0 2017 pour cr\u00e9er un duo avec la pianiste\u00a0 Houda El Akkaf.<\/p>\n<p>Lanc\u00e9 fin 2019 \u00e0 Bruxelles, le projet Jazz\u2019Amazigh a r\u00e9uni Meryem avec le musicien Oussama Chtouki. Un nouvel envol musical donnant une couleur si singuli\u00e8re \u00e0 la musique amazighe. Il est \u00e0 rappeler que Meryem Aassid s\u2019appr\u00eate \u00e0 lancer son album.<\/p>\n<p>Auteur: M&rsquo;hammed rahal<br \/>\n<a href=\"http:\/\/albayane.press.ma\/meryem-aassid-un-air-de-jazz-souffle-sur-la-chanson-amazighe.html\">Cliquez ici pour lire l&rsquo;article depuis sa source.<\/a><\/p>\n","protected":false},"excerpt":{"rendered":"<p>Mohamed Nait Youssef Une voix ang\u00e9lique, suave et puissante. Meryem Aassid, l\u2019une des jeunes voix montantes de la chanson amazighe a livr\u00e9, mercredi 10 mars, un concert hybride, \u00e0 la fois pr\u00e9sentiel et virtuel, au centre am\u00e9ricain \u00e0 Rabat dans le respect des mesures sanitaires. En effet, le grand public et les amoureux de la [&hellip;]<\/p>\n","protected":false},"author":1760,"featured_media":0,"comment_status":"closed","ping_status":"closed","sticky":false,"template":"","format":"standard","meta":{"fifu_image_url":"","fifu_image_alt":"","footnotes":""},"categories":[73,54],"tags":[],"class_list":["post-112917","post","type-post","status-publish","format-standard","hentry","category-actualite","category-maroc"],"_links":{"self":[{"href":"https:\/\/linitiative.ca\/International\/wp-json\/wp\/v2\/posts\/112917","targetHints":{"allow":["GET"]}}],"collection":[{"href":"https:\/\/linitiative.ca\/International\/wp-json\/wp\/v2\/posts"}],"about":[{"href":"https:\/\/linitiative.ca\/International\/wp-json\/wp\/v2\/types\/post"}],"author":[{"embeddable":true,"href":"https:\/\/linitiative.ca\/International\/wp-json\/wp\/v2\/users\/1760"}],"replies":[{"embeddable":true,"href":"https:\/\/linitiative.ca\/International\/wp-json\/wp\/v2\/comments?post=112917"}],"version-history":[{"count":0,"href":"https:\/\/linitiative.ca\/International\/wp-json\/wp\/v2\/posts\/112917\/revisions"}],"wp:attachment":[{"href":"https:\/\/linitiative.ca\/International\/wp-json\/wp\/v2\/media?parent=112917"}],"wp:term":[{"taxonomy":"category","embeddable":true,"href":"https:\/\/linitiative.ca\/International\/wp-json\/wp\/v2\/categories?post=112917"},{"taxonomy":"post_tag","embeddable":true,"href":"https:\/\/linitiative.ca\/International\/wp-json\/wp\/v2\/tags?post=112917"}],"curies":[{"name":"wp","href":"https:\/\/api.w.org\/{rel}","templated":true}]}}