{"id":112918,"date":"2021-03-11T06:42:54","date_gmt":"2021-03-11T11:42:54","guid":{"rendered":"https:\/\/linitiative.ca\/International\/dans-nos-villes-un-retour-aux-fondamentaux-simpose\/"},"modified":"2021-03-11T06:42:54","modified_gmt":"2021-03-11T11:42:54","slug":"dans-nos-villes-un-retour-aux-fondamentaux-simpose","status":"publish","type":"post","link":"https:\/\/linitiative.ca\/International\/dans-nos-villes-un-retour-aux-fondamentaux-simpose\/","title":{"rendered":"Dans nos villes, un retour aux fondamentaux s\u2019impose"},"content":{"rendered":"<p class=\"has-text-color has-vivid-red-color c1\"><strong>Art\u2019d\u00e9co\u00a0ou architecture contextuelle<\/strong><\/p>\n<p class=\"c2\"><strong>Karim Ben Amar<\/strong><\/p>\n<p class=\"has-text-color c3\"><strong>L\u2019architecture au Maroc souffre depuis des ann\u00e9es, d\u2019un manque de modernit\u00e9, d\u2019adaptations contemporaines et d\u2019une contextualisation de cet art. Au fil des ann\u00e9es, tout le monde s\u2019accorde \u00e0 dire que l\u2019esth\u00e9tique des fa\u00e7ades, ainsi que la finition des appartements sont en chute libre. Voil\u00e0 pr\u00e8s de 40 ans que notre architecture ne prend plus compte de crit\u00e8res primordiaux\u00a0: beaut\u00e9 de la fa\u00e7ade, agencement et finition de l\u2019appartement, mat\u00e9riaux utilis\u00e9s, sans omettre la touche marocaine. Pour desseller les raisons de ce recul, l\u2019\u00e9quipe d\u2019Al Bayane a contact\u00e9 les architectes Rachid Andaloussi et Adil Abadi qui ont partag\u00e9 leur avis sur la question. Les d\u00e9tails.<\/strong><\/p>\n<p>Une architecture harmonieuse symbolise une urbanisation et une politique de la ville r\u00e9ussie. L\u2019identit\u00e9 visuelle de certaines cit\u00e9s est tellement forte que l\u2019on devine de quelle ville il s\u2019agit juste en contemplant la fa\u00e7ade de ses immeubles. Paris par exemple, est son architecture haussmannienne au m\u00eame titre que Marrakech et la couleur ocre de ses fa\u00e7ades, jouissent de cette identit\u00e9 visuelle.<\/p>\n<p>Dans plusieurs villes du royaume, dont Casablanca, certains quartier jouissent d\u2019une architecture Art\u2019d\u00e9co, rappelant la p\u00e9riode o\u00f9 le Maroc \u00e9tait sous protectorat fran\u00e7ais. Gr\u00e2ce \u00e0 la vision \u00e9clair\u00e9e du Mar\u00e9chal Hubert Lyautey, certains quartiers de la capitale \u00e9conomique du royaume sont tr\u00e8s appr\u00e9ci\u00e9 des marocains mais aussi des touristes qui les visitent en nombre. Ces joyaux architecturaux se trouvent principalement sur l\u2019avenue Hassan II et le boulevard Prince Mly Abdellah.\u00a0 Ayant comme maitre d\u2019\u0153uvre d\u2019illustres architectes fran\u00e7ais tels que Marius Boyer et Hypolite Delaporte, ces sublimes fa\u00e7ades \u00e9blouissent encore et toujours les passants.<\/p>\n<p>Mais la question qui suscite des interrogations, et cela \u00e0 juste titre est\u00a0: sommes-nous encore capable de r\u00e9aliser des b\u00e2tisses ind\u00e9modables de cette qualit\u00e9s, de cette beaut\u00e9\u00a0? Pour r\u00e9pondre \u00e0 ces questions, nous avons contact\u00e9 l\u2019architecte Rachid Andaloussi qui a assur\u00e9 que \u00abl\u2019architecture comme tous les domaines se doit d\u2019\u00e9voluer\u00bb.<\/p>\n<p>\u00abNous nous inspirons du style Art\u2019D\u00e9co. Nous nous inspirons de l\u2019esprit, de la rigueur, du sentiment, de l\u2019exigence de ce style architectural\u00bb. Et d\u2019ajouter \u00abNotre mission est de pr\u00e9server cette ADN, mais la modernit\u00e9 et l\u2019architecture contemporaine ne doivent pas passer au second rang\u00bb.<\/p>\n<p>Quant \u00e0 la pr\u00e9servation de notre patrimoine architectural, Rachid Andaloussi affirme qu\u2019\u00a0\u00abil est imp\u00e9ratif de pr\u00e9server ce patrimoine cher \u00e0 tous les marocains, d\u2019autant plus qu\u2019au Maroc, l\u2019architecture Art\u2019D\u00e9co\u00a0 est l\u2019une des plus belles et plus r\u00e9ussies du monde. Il est aussi judicieux de rappeler que le Maroc \u00e0 le plus grand patrimoine Art\u2019D\u00e9co du monde\u00bb.<\/p>\n<p>Tout architecte marocain est attach\u00e9 \u00e0 l\u2019Art\u2019D\u00e9co, puisque cet art fait partie int\u00e9grante de son patrimoine. Cependant, comme tout art, l\u2019\u00e9volution doit-\u00eatre au rendez-vous. A cet effet, Rachid Andaloussi assure qu\u2019 \u00abIl est imp\u00e9ratif pour nous de nous inspirer de l\u2019architecture Art\u2019D\u00e9co. Mais notre mission est aussi de faire \u00e9voluer l\u2019architecture, car un domaine qui n\u2019\u00e9volue pas se meurt\u00bb, a-t-il conclu.<\/p>\n<p>Aussi, le moment n\u2019est-il pas venu pour que l\u2019architecture contextuelle ait sa place au Maroc? Avant le protectorat en 1912, le Maroc avait son architecture. Les anciennes m\u00e9dinas, dans les quatre coins du royaume, peuvent t\u00e9moigner de ce riche h\u00e9ritage l\u00e9gu\u00e9 par nos a\u00efeux. Depuis quelques ann\u00e9es, ce mod\u00e8le architectural revient au go\u00fbt du jour. A titre d\u2019exemple, \u00e9trangers et autochtones sont friands de ryads, et s\u2019arrachent ces b\u00e2tisses purement marocaines \u00e0 prix d\u2019or.<\/p>\n<p>Adil Abadi, grand d\u00e9fenseur de l\u2019architecture contextuelle a soulign\u00e9 pour sa part que \u00abl\u2019architecture se doit de raconter une histoire, celle d\u2019une civilisation, d\u2019un peuple. L\u2019architecture est imbib\u00e9e d\u2019identit\u00e9, de culture d\u2019histoire. C\u2019est pour cette raison qu\u2019il est l\u00e9gitime de s\u2019interroger quant \u00e0 la pertinence de l\u2019image identitaire qui est d\u00e9gag\u00e9e d\u2019une architecture, d\u2019un \u00e9difice\u00bb.<\/p>\n<p>\u00abAvant l\u2019entr\u00e9e du Maroc dans l\u2019\u00e8re industrielle, notre soci\u00e9t\u00e9 \u00e9voluait dans des villes se nourrissant du mod\u00e8le arabo-musulman, qui trouvait pleinement sa place. Le protectorat, en mettant en place un vaste chantier compos\u00e9 de styles et de courants modernes qui vont bousculer les modes de vie de la soci\u00e9t\u00e9 ainsi que son identit\u00e9, a introduit l\u2019Art\u2019D\u00e9co\u00bb, a-t-il ajout\u00e9.<\/p>\n<p>Mais le Maroc n\u2019est pas repr\u00e9sent\u00e9 uniquement par les seuls h\u00e9ritages de ses villes, il y a aussi le Maroc des r\u00e9gions, le Maroc profond, abritant souvent une population ayant d\u00e9velopp\u00e9 des techniques de construction uniques et ing\u00e9nieuses. \u00abDans ces r\u00e9gions o\u00f9 le b\u00e9ton n\u2019a pas encore fait sa place, les Marocains construisent comme ils l\u2019ont toujours fait. Cette diversit\u00e9 devrait interpeller les architectes d\u2019aujourd\u2019hui, afin qu\u2019ils puisent dans cette culture, les fondements m\u00eames de l\u2019architecture de demain\u00bb, a-t-il assur\u00e9.<\/p>\n<p>L\u2019\u00e9cologie et l\u2019\u00e9conomie d\u2019\u00e9nergie sont prises en compte dans les techniques d\u2019architectures d\u2019antan, notamment par l\u2019utilisation de mat\u00e9riaux propices \u00e0 cela.\u00a0\u00abDes mat\u00e9riaux de construction tels que pis\u00e9s constituent \u00a0une aubaine pour les factures d\u2019\u00e9lectricit\u00e9 qui flambent au sein des familles aux revenus modestes. Dans une ville comme Marrakech, o\u00f9 la temp\u00e9rature avoisine 50 degr\u00e9s en \u00e9t\u00e9 et 0 degr\u00e9 en hiver, ce mat\u00e9riaux constituait autrefois et encore aujourd\u2019hui, un excellent isolant thermique\u00bb. Et de conclure, \u00abil faut absolument qu\u2019on puisse arriver \u00e0 r\u00e9utiliser et r\u00e9actualiser d\u2019anciens proc\u00e9d\u00e9s de construction issus d\u2019un savoir-faire local et ancestral pour mieux coller \u00e0 la r\u00e9alit\u00e9 du Maroc\u00bb.<\/p>\n<p>Victor Hugo,\u00a0chef de file du romantisme ne chansonnait-il pas, \u00abune ville sans histoire, c\u2019est comme un arbre sans racine\u00bb?<\/p>\n<p>Auteur: M&rsquo;hammed rahal<br \/>\n<a href=\"http:\/\/albayane.press.ma\/dans-nos-villes-un-retour-aux-fondamentaux-simpose.html\">Cliquez ici pour lire l&rsquo;article depuis sa source.<\/a><\/p>\n","protected":false},"excerpt":{"rendered":"<p>Art\u2019d\u00e9co\u00a0ou architecture contextuelle Karim Ben Amar L\u2019architecture au Maroc souffre depuis des ann\u00e9es, d\u2019un manque de modernit\u00e9, d\u2019adaptations contemporaines et d\u2019une contextualisation de cet art. Au fil des ann\u00e9es, tout le monde s\u2019accorde \u00e0 dire que l\u2019esth\u00e9tique des fa\u00e7ades, ainsi que la finition des appartements sont en chute libre. Voil\u00e0 pr\u00e8s de 40 ans que [&hellip;]<\/p>\n","protected":false},"author":1760,"featured_media":0,"comment_status":"closed","ping_status":"closed","sticky":false,"template":"","format":"standard","meta":{"fifu_image_url":"","fifu_image_alt":"","footnotes":""},"categories":[73,54],"tags":[],"class_list":["post-112918","post","type-post","status-publish","format-standard","hentry","category-actualite","category-maroc"],"_links":{"self":[{"href":"https:\/\/linitiative.ca\/International\/wp-json\/wp\/v2\/posts\/112918","targetHints":{"allow":["GET"]}}],"collection":[{"href":"https:\/\/linitiative.ca\/International\/wp-json\/wp\/v2\/posts"}],"about":[{"href":"https:\/\/linitiative.ca\/International\/wp-json\/wp\/v2\/types\/post"}],"author":[{"embeddable":true,"href":"https:\/\/linitiative.ca\/International\/wp-json\/wp\/v2\/users\/1760"}],"replies":[{"embeddable":true,"href":"https:\/\/linitiative.ca\/International\/wp-json\/wp\/v2\/comments?post=112918"}],"version-history":[{"count":0,"href":"https:\/\/linitiative.ca\/International\/wp-json\/wp\/v2\/posts\/112918\/revisions"}],"wp:attachment":[{"href":"https:\/\/linitiative.ca\/International\/wp-json\/wp\/v2\/media?parent=112918"}],"wp:term":[{"taxonomy":"category","embeddable":true,"href":"https:\/\/linitiative.ca\/International\/wp-json\/wp\/v2\/categories?post=112918"},{"taxonomy":"post_tag","embeddable":true,"href":"https:\/\/linitiative.ca\/International\/wp-json\/wp\/v2\/tags?post=112918"}],"curies":[{"name":"wp","href":"https:\/\/api.w.org\/{rel}","templated":true}]}}