{"id":112919,"date":"2021-03-11T06:47:35","date_gmt":"2021-03-11T11:47:35","guid":{"rendered":"https:\/\/linitiative.ca\/International\/les-robots-de-lapocalypse-nouveau-roman-de-gabriel-banon\/"},"modified":"2021-03-11T06:47:35","modified_gmt":"2021-03-11T11:47:35","slug":"les-robots-de-lapocalypse-nouveau-roman-de-gabriel-banon","status":"publish","type":"post","link":"https:\/\/linitiative.ca\/International\/les-robots-de-lapocalypse-nouveau-roman-de-gabriel-banon\/","title":{"rendered":"\u00abLes Robots de l\u2019apocalypse\u00bb, nouveau roman de Gabriel Banon"},"content":{"rendered":"<p class=\"has-text-color c1\"><strong>\u00abLes Robots de l\u2019apocalypse\u00bb, nouveau roman g\u00e9opolitique de Gabriel Banon \u00e9dit\u00e9 par La Crois\u00e9e des Chemins, est fond\u00e9 sur les anticipations que certaines \u00e9tudes le permettent.<\/strong><\/p>\n<div class=\"wp-block-image\">\n<figure class=\"alignright\"><img decoding=\"async\" src=\"http:\/\/albayane.press.ma\/wp-content\/uploads\/rdc-14-14.jpg\" alt=\"\" class=\"wp-image-107488\"\/><\/figure>\n<\/div>\n<p>Une incursion dans les coulisses du pouvoir, aux Etats-Unis comme en Russie et en Chine, qui transporte le lecteur de la toute premi\u00e8re page \u00e0 la derni\u00e8re.<\/p>\n<p>\u00abPremier du genre au Maroc, ce roman g\u00e9opolitique raconte une histoire\u00a0 fictive, avec certains personnages sortis de l\u2019imagination de l\u2019auteur, il se base sur les anticipations que les \u00e9tudes g\u00e9opolitiques permettent.<\/p>\n<p>Il refl\u00e8te la crainte d\u2019une possible guerre nucl\u00e9aire, face aux tensions qui animent aujourd\u2019hui la sc\u00e8ne internationale\u00bb, souligne l\u2019\u00e9diteur dans un communiqu\u00e9 de presse.<\/p>\n<p>L\u2019auteur emm\u00e8ne le lecteur dans les coulisses du pouvoir, lui fait vivre les h\u00e9sitations et les \u00e9tats d\u2019\u00e2me des responsables politiques \u00e0 la Maison blanche, au Kremlin, \u00e0 la nouvelle cit\u00e9 interdite de P\u00e9kin, en suivant l\u2019enqu\u00eate internationale sur l\u2019attentat de Washington, qui va se conclure par la d\u00e9flagration nucl\u00e9aire.<\/p>\n<p>Gabriel Banon est \u00e9conomiste et conseiller \u00e9conomique de diff\u00e9rents chefs d\u2019Etat.\u00a0 Il fut appel\u00e9 d\u00e8s le d\u00e9but du processus de paix au Moyen-Orient aupr\u00e8s du pr\u00e9sident Yasser Arafat (1994-2004). Chroniqueur \u00e0 la radio et la t\u00e9l\u00e9vision, conf\u00e9rencier, consultant international, il a \u00e9t\u00e9 \u00e9lu, pour 2013, g\u00e9opoliticien de l\u2019ann\u00e9e, par un panel de journalistes sp\u00e9cialis\u00e9s \u00e0 Gen\u00e8ve en mars 2014.<\/p>\n<p>Auteur: M&rsquo;hammed rahal<br \/>\n<a href=\"http:\/\/albayane.press.ma\/les-robots-de-lapocalypse-nouveau-roman-de-gabriel-banon.html\">Cliquez ici pour lire l&rsquo;article depuis sa source.<\/a><\/p>\n","protected":false},"excerpt":{"rendered":"<p>\u00abLes Robots de l\u2019apocalypse\u00bb, nouveau roman g\u00e9opolitique de Gabriel Banon \u00e9dit\u00e9 par La Crois\u00e9e des Chemins, est fond\u00e9 sur les anticipations que certaines \u00e9tudes le permettent. Une incursion dans les coulisses du pouvoir, aux Etats-Unis comme en Russie et en Chine, qui transporte le lecteur de la toute premi\u00e8re page \u00e0 la derni\u00e8re. \u00abPremier du [&hellip;]<\/p>\n","protected":false},"author":1760,"featured_media":0,"comment_status":"closed","ping_status":"closed","sticky":false,"template":"","format":"standard","meta":{"fifu_image_url":"http:\/\/albayane.press.ma\/wp-content\/uploads\/rdc-14-14.jpg","fifu_image_alt":"\u00abLes Robots de l\u2019apocalypse\u00bb, nouveau roman de Gabriel Banon","footnotes":""},"categories":[73,54],"tags":[],"class_list":["post-112919","post","type-post","status-publish","format-standard","hentry","category-actualite","category-maroc"],"_links":{"self":[{"href":"https:\/\/linitiative.ca\/International\/wp-json\/wp\/v2\/posts\/112919","targetHints":{"allow":["GET"]}}],"collection":[{"href":"https:\/\/linitiative.ca\/International\/wp-json\/wp\/v2\/posts"}],"about":[{"href":"https:\/\/linitiative.ca\/International\/wp-json\/wp\/v2\/types\/post"}],"author":[{"embeddable":true,"href":"https:\/\/linitiative.ca\/International\/wp-json\/wp\/v2\/users\/1760"}],"replies":[{"embeddable":true,"href":"https:\/\/linitiative.ca\/International\/wp-json\/wp\/v2\/comments?post=112919"}],"version-history":[{"count":0,"href":"https:\/\/linitiative.ca\/International\/wp-json\/wp\/v2\/posts\/112919\/revisions"}],"wp:attachment":[{"href":"https:\/\/linitiative.ca\/International\/wp-json\/wp\/v2\/media?parent=112919"}],"wp:term":[{"taxonomy":"category","embeddable":true,"href":"https:\/\/linitiative.ca\/International\/wp-json\/wp\/v2\/categories?post=112919"},{"taxonomy":"post_tag","embeddable":true,"href":"https:\/\/linitiative.ca\/International\/wp-json\/wp\/v2\/tags?post=112919"}],"curies":[{"name":"wp","href":"https:\/\/api.w.org\/{rel}","templated":true}]}}