{"id":112920,"date":"2021-03-11T06:55:54","date_gmt":"2021-03-11T11:55:54","guid":{"rendered":"https:\/\/linitiative.ca\/International\/%ef%bb%bfla-diversite-et-lenvie-du-voyage-et-la-decouverte\/"},"modified":"2021-03-11T06:55:54","modified_gmt":"2021-03-11T11:55:54","slug":"%ef%bb%bfla-diversite-et-lenvie-du-voyage-et-la-decouverte","status":"publish","type":"post","link":"https:\/\/linitiative.ca\/International\/%ef%bb%bfla-diversite-et-lenvie-du-voyage-et-la-decouverte\/","title":{"rendered":"\ufeffLa diversit\u00e9 et l\u2019envie du voyage et la d\u00e9couverte"},"content":{"rendered":"<p class=\"has-text-color has-vivid-red-color c1\"><strong>Entretien avec Julie Gu\u00e9gan<\/strong><\/p>\n<p class=\"c2\"><strong>Par Noureddine Mhakkak<\/strong><\/p>\n<div class=\"wp-block-image\">\n<figure class=\"alignleft is-resized\"><img loading=\"lazy\" decoding=\"async\" src=\"http:\/\/albayane.press.ma\/wp-content\/uploads\/ouv2-14-3.jpg\" alt=\"\" class=\"wp-image-107492\" width=\"202\" height=\"202\" srcset=\"http:\/\/albayane.press.ma\/wp-content\/uploads\/ouv2-14-3.jpg 198w, http:\/\/albayane.press.ma\/wp-content\/uploads\/ouv2-14-3-110x110.jpg 110w\" sizes=\"auto, (max-width: 202px) 100vw, 202px\"\/><\/figure>\n<\/div>\n<p class=\"has-text-color c3\"><strong>Julie Gu\u00e9gan est consultante depuis pr\u00e8s de 20 ans et a accompagn\u00e9 des clients tant publics que priv\u00e9s dans leur transformation. Coach d\u2019\u00e9quipe et de groupe exp\u00e9riment\u00e9e, Julie intervient sur des d\u00e9fis collectifs ayant trait \u00e0 la collaboration, au leadership, \u00e0 l\u2019animation, \u00e0 la communication et \u00e0 l\u2019engagement.<\/strong><\/p>\n<p>Autrice d\u2019un livre sur le Community management, dont la philosophie principale est de favoriser la transformation de notre syst\u00e8me vers plus de respect et d\u2019\u00e9panouissement, Julie met ses comp\u00e9tences en communication sociale et num\u00e9rique au service des d\u00e9fis des entreprises et du renouveau du monde du travail, pour une capacit\u00e9 d\u2019agir renforc\u00e9e et une vie professionnelle \u00e9panouie. Visionnaire et cr\u00e9ative, Julie est titulaire d\u2019une ma\u00eetrise en sciences sociales, d\u2019une licence d\u2019une \u00e9cole de gestion fran\u00e7aise et d\u2019autres certificats notamment en gestion de projet et coaching. Julie travaille depuis Bruxelles.<\/p>\n<p><strong>Voici une interview avec elle. Bonne lecture.<\/strong><\/p>\n<p class=\"has-text-color has-vivid-red-color\"><strong>Pourriez-vous nous parler de vous\u00a0en tant qu\u2019\u00e9crivaine?<\/strong><\/p>\n<p>\u2013 Je ne me reconnais pas derri\u00e8re une \u00e9tiquette. Vous me qualifiez d\u2019\u00e9crivaine et m\u00eame si j\u2019\u00e9cris effectivement je pense que l\u2019\u00e9tiquette ne me correspond pas. D\u2019ailleurs je prends bien soin \u00e0 ne pas avoir d\u2019\u00e9tiquette. C\u2019est une fa\u00e7on pour moi de maintenir le contr\u00f4le sur ma libert\u00e9.<\/p>\n<p>Je ne souhaite pas me d\u00e9marquer non plus, je suis de l\u2019\u00e9cole d\u2019Alfred Adler, je vais vulgariser ici mais je cherche la banalit\u00e9, je ne me sens experte en rien, au fond je suis madame-tout-le-monde. Cela me convient bien de ne pas me sentir plus grande (je fais 1m76 donc je suis d\u00e9j\u00e0 grande en taille ! Cela me suffit). Je suis introvertie, je suis bien dans les coulisses. Sur mon chemin, j\u2019ai toutefois compris que se mettre en avant c\u2019est une fa\u00e7on pour moi d\u2019obtenir ce que je cherche, la beaut\u00e9 dans les interactions profondes et l\u2019amour. Alors de plus en plus, je sors de ma coquille.<\/p>\n<p class=\"has-text-color has-vivid-red-color\"><strong>Que repr\u00e9sentent les arts et les lettres pour vous?<\/strong><\/p>\n<p>Mes parents nous amenaient beaucoup au mus\u00e9e, aux concerts, assister \u00e0 des op\u00e9ras, des ballets. Tr\u00e8s t\u00f4t, j\u2019ai donc \u00e9t\u00e9 sensibilis\u00e9e \u00e0 l\u2019art et bon nombre de mes amis \u00e9voluent dans l\u2019art. J\u2019ai fait un petit d\u00e9tour par les cours dramatiques, j\u2019ai le go\u00fbt de la repr\u00e9sentation ainsi que du d\u00e9guisement. J\u2019aime plus que tout provoquer des \u00e9motions. Ces derni\u00e8res ann\u00e9es, j\u2019ai fait un travail d\u2019acceptation de moi afin de pouvoir me livrer davantage. \u00a0 La vuln\u00e9rabilit\u00e9, la mise \u00e0 nu, cela a \u00e9t\u00e9 compliqu\u00e9 pour moi. J\u2019ai eu \u00e0 me d\u00e9passer. Les lettres sont mon refuge, mon inspiration et me donnent les outils de mon d\u00e9veloppement. Je suis fascin\u00e9e par les histoires de vie. Je lis beaucoup de biographies. Et je m\u2019int\u00e9resse \u00e0 tout, j\u2019aime la diversit\u00e9 et recherche le voyage et la d\u00e9couverte. Lorsque j\u2019ai le moral en berne, je lis de la philosophie. S\u00e9n\u00e8que par exemple. J\u2019ai eu la chance \u00e0 l\u2019\u00e2ge de 12 ans de faire une rencontre qui a marqu\u00e9 ma vie, avec mon professeur de fran\u00e7ais, Jean-Pierre Jacques. Professeur de lettres \u00e0 l\u2019universit\u00e9, il avait choisi de soigner d\u00e9pression dans mon coll\u00e8ge durant une ann\u00e9e. Il m\u2019a initi\u00e9 \u00e0 Rimbaud, \u00e0 la philosophie, Sartre, j\u2019\u00e9tais fascin\u00e9e par ses histoires et son savoir. Un \u00e9norme luxe pour la jeune fille curieuse que j\u2019\u00e9tais et que je suis rest\u00e9e. Nous avons continu\u00e9 \u00e0 \u00e9changer durant de nombreuses ann\u00e9es (malheureusement il est d\u00e9c\u00e9d\u00e9 il y a vingt-cinq ans. Je pense encore souvent \u00e0 lui).<\/p>\n<p class=\"has-text-color has-vivid-red-color\"><strong>Que repr\u00e9sente l\u2019\u00e9criture pour vous?<\/strong><\/p>\n<p>L\u2019\u00e9criture est une pratique quotidienne depuis toute petite. J\u2019\u00e9cris pour d\u00e9fier mes pens\u00e9es et progresser, pour plaire, pour tester, pour cr\u00e9er. C\u2019est plus une qu\u00eate d\u2019esth\u00e9tique, qu\u2019une recherche de v\u00e9rit\u00e9. Encore une fois, ce qui m\u2019int\u00e9resse c\u2019est ce que je peux provoquer chez l\u2019autre avec mes mots ou chez moi.<\/p>\n<p class=\"has-text-color has-vivid-red-color\"><strong>Parlez-nous des villes que vous avez visit\u00e9es et qui ont laiss\u00e9 une remarquable trace dans votre parcours artistique.<\/strong><\/p>\n<p>J\u2019ai eu un coup de foudre pour la piazza Del Campio \u00e0 Sienne. Je n\u2019avais ressenti cela nulle part ailleurs. Je suis arriv\u00e9e par hasard sur cette place et mon c\u0153ur s\u2019est litt\u00e9ralement arr\u00eat\u00e9 face \u00e0 la splendeur des lieux. Je n\u2019oublierai pas cet instant. Ma Bretagne est \u00e9galement un lieu qui me provoque de nombreuses \u00e9motions. En particulier, l\u2019arriv\u00e9e sur la trinit\u00e9 sur mer, la c\u00f4te sauvage, Belle-\u00cele-en-Mer, le golfe du Morbihan\u2026<\/p>\n<p class=\"has-text-color has-vivid-red-color\"><strong>Parlez-nous des livres que vous avez d\u00e9j\u00e0 lus et qui ont marqu\u00e9 vos pens\u00e9es.<\/strong><\/p>\n<p>Je suis fan de S\u00e9n\u00e8que, d\u2019Adler, de Murakami (IQ84 surtout et autoportrait de l\u2019auteur en coureur de fond. La discipline m\u2019inspire ainsi que le lien entre corps et esprit). Hold on to your kids de Gabor Mat\u00e9 m\u2019a permis de comprendre les dangers de notre soci\u00e9t\u00e9 qui fait davantage confiance aux pairs qu\u2019aux enseignements des anciens. Je me sens plus confiante en tant que parent depuis que je l\u2019ai lue. Le self-worth safari de John Niland est \u00e0 mettre entre toutes les mains. Mon livre de chevet pendant de nombreuses ann\u00e9es a \u00e9t\u00e9 Cyrano de Bergerac d\u2019Edmond Rostand. La beaut\u00e9 de ce texte me mettait en joie. Je n\u2019avoue ne pas savoir combien de fois je l\u2019ai lue!<\/p>\n<p>Je dirais que je lis en moyenne deux livres par semaine. C\u2019est une passion d\u00e9vorante qui m\u2019emp\u00eache parfois de dormir. Je prends tr\u00e8s au s\u00e9rieux mon r\u00f4le de lectrice. Je surligne mes ouvrages et prends note sur mon ordinateur des passages les plus int\u00e9ressants. J\u2019ai toutefois oubli\u00e9 de nombreux livres.<\/p>\n<p>Petite j\u2019\u00e9tais fan de Jules Verne. Ses romans m\u2019ont faite, un peu.<\/p>\n<p>Lorsqu\u2019on travaille pour l\u2019Europe, je crois qu\u2019il faut \u00eatre curieux. C\u2019est si complexe. C\u2019est un trait que je retrouve chez un grand nombre de mes coll\u00e8gues.<\/p>\n<p>Auteur: M&rsquo;hammed rahal<br \/>\n<a href=\"http:\/\/albayane.press.ma\/%EF%BB%BFla-diversite-et-lenvie-du-voyage-et-la-decouverte.html\">Cliquez ici pour lire l&rsquo;article depuis sa source.<\/a><\/p>\n","protected":false},"excerpt":{"rendered":"<p>Entretien avec Julie Gu\u00e9gan Par Noureddine Mhakkak Julie Gu\u00e9gan est consultante depuis pr\u00e8s de 20 ans et a accompagn\u00e9 des clients tant publics que priv\u00e9s dans leur transformation. Coach d\u2019\u00e9quipe et de groupe exp\u00e9riment\u00e9e, Julie intervient sur des d\u00e9fis collectifs ayant trait \u00e0 la collaboration, au leadership, \u00e0 l\u2019animation, \u00e0 la communication et \u00e0 l\u2019engagement. [&hellip;]<\/p>\n","protected":false},"author":1760,"featured_media":0,"comment_status":"closed","ping_status":"closed","sticky":false,"template":"","format":"standard","meta":{"fifu_image_url":"http:\/\/albayane.press.ma\/wp-content\/uploads\/ouv2-14-3.jpg","fifu_image_alt":"\ufeffLa diversit\u00e9 et l\u2019envie du voyage et la d\u00e9couverte","footnotes":""},"categories":[73,54],"tags":[],"class_list":["post-112920","post","type-post","status-publish","format-standard","hentry","category-actualite","category-maroc"],"_links":{"self":[{"href":"https:\/\/linitiative.ca\/International\/wp-json\/wp\/v2\/posts\/112920","targetHints":{"allow":["GET"]}}],"collection":[{"href":"https:\/\/linitiative.ca\/International\/wp-json\/wp\/v2\/posts"}],"about":[{"href":"https:\/\/linitiative.ca\/International\/wp-json\/wp\/v2\/types\/post"}],"author":[{"embeddable":true,"href":"https:\/\/linitiative.ca\/International\/wp-json\/wp\/v2\/users\/1760"}],"replies":[{"embeddable":true,"href":"https:\/\/linitiative.ca\/International\/wp-json\/wp\/v2\/comments?post=112920"}],"version-history":[{"count":0,"href":"https:\/\/linitiative.ca\/International\/wp-json\/wp\/v2\/posts\/112920\/revisions"}],"wp:attachment":[{"href":"https:\/\/linitiative.ca\/International\/wp-json\/wp\/v2\/media?parent=112920"}],"wp:term":[{"taxonomy":"category","embeddable":true,"href":"https:\/\/linitiative.ca\/International\/wp-json\/wp\/v2\/categories?post=112920"},{"taxonomy":"post_tag","embeddable":true,"href":"https:\/\/linitiative.ca\/International\/wp-json\/wp\/v2\/tags?post=112920"}],"curies":[{"name":"wp","href":"https:\/\/api.w.org\/{rel}","templated":true}]}}