{"id":112921,"date":"2021-03-11T06:58:21","date_gmt":"2021-03-11T11:58:21","guid":{"rendered":"https:\/\/linitiative.ca\/International\/lircam-rend-hommage-a-son-personnel-feminin\/"},"modified":"2021-03-11T06:58:21","modified_gmt":"2021-03-11T11:58:21","slug":"lircam-rend-hommage-a-son-personnel-feminin","status":"publish","type":"post","link":"https:\/\/linitiative.ca\/International\/lircam-rend-hommage-a-son-personnel-feminin\/","title":{"rendered":"L\u2019IRCAM rend hommage \u00e0 son personnel f\u00e9minin"},"content":{"rendered":"<p class=\"has-text-color has-vivid-cyan-blue-color\"><strong><em>L\u2019Institut royal de la culture amazighe (RCAM) a rendu hommage lundi \u00e0 son personnel f\u00e9minin \u00e0 l\u2019occasion de la journ\u00e9e internationale de la femme sous le signe \u00ab\u00a0La cr\u00e9ativit\u00e9 culturelle amazighe au f\u00e9minin\u00a0\u00bb, et ce dans le plein respect des mesures de pr\u00e9vention en vigueur pour faire face \u00e0 la pand\u00e9mie de Covid-19.<\/em><\/strong><\/p>\n<p>L\u2019organisation de cet \u00e9v\u00e9nement le 8 mars vise \u00e0 mettre en avant et \u00e0 reconna\u00eetre les efforts d\u00e9ploy\u00e9s par plusieurs femmes qui ont marqu\u00e9 de leur empreinte leurs domaines de comp\u00e9tence.<\/p>\n<p>Le rendez-vous de cette ann\u00e9e a connu la participation de l\u2019acad\u00e9micienne et la professeure universitaire, Aicha Belaarbi, connue pour ses efforts au service des femmes sur les plans acad\u00e9mique et p\u00e9dagogique. Aussi, plusieurs artistes et actrices ont \u00e9t\u00e9 \u00e9galement honor\u00e9es \u00e0 l\u2019instar de Saida Ibouda, Meriem Salmi et Touria Bouhali.<\/p>\n<p>A cette occasion, le doyen de l\u2019IRCAM, Ahmed Boukous a indiqu\u00e9 que l\u2019Institut est fier de l\u2019organisation de cette manifestation puisque elle repr\u00e9sente \u00ab\u00a0un soutien pour la femme marocaine en g\u00e9n\u00e9ral\u00a0\u00bb.<\/p>\n<p>Dans une d\u00e9claration au portail amazigh de la MAP, M. Boukous a indiqu\u00e9 que l\u2019Institut consacre un certain nombre d\u2019activit\u00e9s qui int\u00e9ressent la femme en tant qu\u2019\u00e9ducatrice, cr\u00e9atrice et combattante qui milite pour l\u2019instauration des droits des femmes.<\/p>\n<p>De son c\u00f4t\u00e9, Mme Belaarbi , qui a \u00e9t\u00e9 honor\u00e9e lors de cet \u00e9v\u00e9nement, a relev\u00e9 que le 8 mars vise \u00e0 mettre en avant les acquis r\u00e9alis\u00e9s par les femmes et leurs revendications, ainsi qu\u2019\u00e0 mettre en place des programmes pour concr\u00e9tiser ces demandes.<\/p>\n<p>\u00ab\u00a0Le 8 mars se veut \u00e9galement une journ\u00e9e pour les femmes, les hommes et la soci\u00e9t\u00e9 pour la cons\u00e9cration de l\u2019\u00e9quit\u00e9\u00a0\u00bb, a-t-elle estim\u00e9, ajoutant que les femmes ont jou\u00e9, tout au long de la p\u00e9riode du confinement et de l\u2019\u00e9tat d\u2019urgence sanitaire, des r\u00f4les essentiels \u00e0 tous les niveaux.<\/p>\n<p>Cette c\u00e9r\u00e9monie, qui s\u2019est d\u00e9roul\u00e9e en pr\u00e9sence aussi du secr\u00e9taire g\u00e9n\u00e9ral de l\u2019IRCAM El Houssain El Moujahid et d\u2019une pl\u00e9iade de chercheurs de l\u2019Institut, a connu la projection d\u2019une vid\u00e9o sur le parcours des femmes honor\u00e9es, chacune dans son domaine de comp\u00e9tence.<\/p>\n<p>Auteur: M&rsquo;hammed rahal<br \/>\n<a href=\"http:\/\/albayane.press.ma\/lircam-rend-hommage-a-son-personnel-feminin.html\">Cliquez ici pour lire l&rsquo;article depuis sa source.<\/a><\/p>\n","protected":false},"excerpt":{"rendered":"<p>L\u2019Institut royal de la culture amazighe (RCAM) a rendu hommage lundi \u00e0 son personnel f\u00e9minin \u00e0 l\u2019occasion de la journ\u00e9e internationale de la femme sous le signe \u00ab\u00a0La cr\u00e9ativit\u00e9 culturelle amazighe au f\u00e9minin\u00a0\u00bb, et ce dans le plein respect des mesures de pr\u00e9vention en vigueur pour faire face \u00e0 la pand\u00e9mie de Covid-19. L\u2019organisation de [&hellip;]<\/p>\n","protected":false},"author":1760,"featured_media":0,"comment_status":"closed","ping_status":"closed","sticky":false,"template":"","format":"standard","meta":{"fifu_image_url":"","fifu_image_alt":"","footnotes":""},"categories":[73,54],"tags":[],"class_list":["post-112921","post","type-post","status-publish","format-standard","hentry","category-actualite","category-maroc"],"_links":{"self":[{"href":"https:\/\/linitiative.ca\/International\/wp-json\/wp\/v2\/posts\/112921","targetHints":{"allow":["GET"]}}],"collection":[{"href":"https:\/\/linitiative.ca\/International\/wp-json\/wp\/v2\/posts"}],"about":[{"href":"https:\/\/linitiative.ca\/International\/wp-json\/wp\/v2\/types\/post"}],"author":[{"embeddable":true,"href":"https:\/\/linitiative.ca\/International\/wp-json\/wp\/v2\/users\/1760"}],"replies":[{"embeddable":true,"href":"https:\/\/linitiative.ca\/International\/wp-json\/wp\/v2\/comments?post=112921"}],"version-history":[{"count":0,"href":"https:\/\/linitiative.ca\/International\/wp-json\/wp\/v2\/posts\/112921\/revisions"}],"wp:attachment":[{"href":"https:\/\/linitiative.ca\/International\/wp-json\/wp\/v2\/media?parent=112921"}],"wp:term":[{"taxonomy":"category","embeddable":true,"href":"https:\/\/linitiative.ca\/International\/wp-json\/wp\/v2\/categories?post=112921"},{"taxonomy":"post_tag","embeddable":true,"href":"https:\/\/linitiative.ca\/International\/wp-json\/wp\/v2\/tags?post=112921"}],"curies":[{"name":"wp","href":"https:\/\/api.w.org\/{rel}","templated":true}]}}