{"id":112923,"date":"2021-03-11T08:15:00","date_gmt":"2021-03-11T13:15:00","guid":{"rendered":"https:\/\/linitiative.ca\/International\/le-taux-de-remplissage-des-barrages-nest-que-de-51\/"},"modified":"2021-03-11T08:15:00","modified_gmt":"2021-03-11T13:15:00","slug":"le-taux-de-remplissage-des-barrages-nest-que-de-51","status":"publish","type":"post","link":"https:\/\/linitiative.ca\/International\/le-taux-de-remplissage-des-barrages-nest-que-de-51\/","title":{"rendered":"Le taux de remplissage des barrages n\u2019est que de 51%"},"content":{"rendered":"<div class=\"td-post-content\">\n<h2>Les r\u00e9serves des barrages ont baiss\u00e9 d\u2019environ 239 millions de m\u00e8tres cubes jusqu\u2019au 8 mars 2021. Et leur taux de remplissage n\u2019est que de 51% ce qui n\u00e9cessite d\u2019adopter le syst\u00e8me de quotas et l\u2019orientation des eaux de certains barrages. C\u2019est ce qu\u2019a affirm\u00e9 le minist\u00e8re de l\u2019Agriculture, des Ressources Hydrauliques et de la P\u00eache.<\/h2>\n<p>Cette d\u00e9cision intervient en marge d\u2019une r\u00e9union tenue, mardi 09 mars. Et ce, pour discuter des pr\u00e9paratifs du minist\u00e8re de l\u2019Agriculture en pr\u00e9vision du pic de la consommation de l\u2019eau pour l\u2019\u00e9t\u00e9 2021. Ainsi que les principales interventions dans ce domaine. En effet, le d\u00e9partement agricole envisage, dans le cadre de son plan annuel d\u2019exploitation des eaux des barrages, de consacrer environ 64% des ressources des barrages aux besoins en eau potable et 36% \u00e0 l\u2019irrigation.<\/p>\n<p>Le ministre de l\u2019Agriculture par int\u00e9rim,\u00a0<a href=\"http:\/\/www.leconomistemaghrebin.com\/2020\/08\/25\/biographie-mohamed-fadhel-kraiem-propose-ministre-technologies-communication\/\">Mohamed Fadhel Kraiem<\/a>\u00a0a appel\u00e9 \u00e0 mettre en place un programme sp\u00e9cial. Et ce, pour fournir les fonds n\u00e9cessaires afin de cr\u00e9er une quatri\u00e8me ligne de raccordement du barrage de Sejnane au Canal de Medjerda.<\/p>\n<p>L\u2019objectif est de fournir des quantit\u00e9s suppl\u00e9mentaires en eau pour leur orientation du barrage de Sidi Barrak vers celui de Sejnane. En outre du Barrage Barbara vers le barrage Bouhertma. Le minist\u00e8re de l\u2019Agriculture a soulign\u00e9 que des interventions sont mises en \u0153uvre dans le cadre des programmes annuels. Et ce, pour r\u00e9pondre \u00e0 la p\u00e9riode du pic de la consommation ce qui a r\u00e9duit le nombre des zones qui enregistrent des perturbations d\u2019approvisionnement de 224 en 2016 \u00e0 33 en 2020.<\/p>\n<p>Par ailleurs, le responsable a recommand\u00e9 d\u2019\u00e9tablir une strat\u00e9gie de communication. L\u2019objectif \u00e9tant de ma\u00eetriser la consommation des eaux. Outre la mise en place d\u2019un plan de relance des projets qui enregistrent des difficult\u00e9s. Et ce, aux niveaux des r\u00e9alisations ou des signatures d\u2019accords. Il a appel\u00e9 \u00e0 assurer le suivi des m\u00e9ga-projets. Et notamment pr\u00e9parer un calendrier de suivi comportant les dates d\u2019ach\u00e8vement des projets programm\u00e9s avec le d\u00e9but de l\u2019\u00e9t\u00e9.<\/p>\n<p>Avec TAP<\/p>\n<\/div>\n<footer>\n<\/footer>\n<div class=\"wp-post-author-wrap wp-post-author-shortcode left\">\n<h3 class=\"awpa-title\"\/>\n<div class=\"wp-post-author\">\n<div class=\"awpa-img awpa-author-block square\"><a href=\"http:\/\/lexpertjournal.net\/fr\/?author=5\"><img loading=\"lazy\" decoding=\"async\" alt=\"\" src=\"http:\/\/0.gravatar.com\/avatar\/97f8e10a1c1125ba104a76514ee07b16?s=150&amp;d=mm&amp;r=g\" srcset=\"http:\/\/0.gravatar.com\/avatar\/97f8e10a1c1125ba104a76514ee07b16?s=300&amp;d=mm&amp;r=g 2x\" class=\"avatar avatar-150 photo\" height=\"150\" width=\"150\"\/><\/a><\/div>\n<\/div>\n<\/div>\n<aside class=\"mashsb-container mashsb-main mashsb-stretched\">\n<\/aside>\n<p>Auteur: L&rsquo;expert<br \/>\n<a href=\"http:\/\/lexpertjournal.net\/fr\/?p=19107\">Cliquez ici pour lire l&rsquo;article depuis sa source.<\/a><\/p>\n","protected":false},"excerpt":{"rendered":"<p>Les r\u00e9serves des barrages ont baiss\u00e9 d\u2019environ 239 millions de m\u00e8tres cubes jusqu\u2019au 8 mars 2021. Et leur taux de remplissage n\u2019est que de 51% ce qui n\u00e9cessite d\u2019adopter le syst\u00e8me de quotas et l\u2019orientation des eaux de certains barrages. C\u2019est ce qu\u2019a affirm\u00e9 le minist\u00e8re de l\u2019Agriculture, des Ressources Hydrauliques et de la P\u00eache. [&hellip;]<\/p>\n","protected":false},"author":1775,"featured_media":0,"comment_status":"closed","ping_status":"closed","sticky":false,"template":"","format":"standard","meta":{"fifu_image_url":"http:\/\/0.gravatar.com\/avatar\/97f8e10a1c1125ba104a76514ee07b16?s=150&d=mm&r=g","fifu_image_alt":"Le taux de remplissage des barrages n\u2019est que de 51%","footnotes":""},"categories":[78,55],"tags":[],"class_list":["post-112923","post","type-post","status-publish","format-standard","hentry","category-economie","category-tunisie"],"_links":{"self":[{"href":"https:\/\/linitiative.ca\/International\/wp-json\/wp\/v2\/posts\/112923","targetHints":{"allow":["GET"]}}],"collection":[{"href":"https:\/\/linitiative.ca\/International\/wp-json\/wp\/v2\/posts"}],"about":[{"href":"https:\/\/linitiative.ca\/International\/wp-json\/wp\/v2\/types\/post"}],"author":[{"embeddable":true,"href":"https:\/\/linitiative.ca\/International\/wp-json\/wp\/v2\/users\/1775"}],"replies":[{"embeddable":true,"href":"https:\/\/linitiative.ca\/International\/wp-json\/wp\/v2\/comments?post=112923"}],"version-history":[{"count":0,"href":"https:\/\/linitiative.ca\/International\/wp-json\/wp\/v2\/posts\/112923\/revisions"}],"wp:attachment":[{"href":"https:\/\/linitiative.ca\/International\/wp-json\/wp\/v2\/media?parent=112923"}],"wp:term":[{"taxonomy":"category","embeddable":true,"href":"https:\/\/linitiative.ca\/International\/wp-json\/wp\/v2\/categories?post=112923"},{"taxonomy":"post_tag","embeddable":true,"href":"https:\/\/linitiative.ca\/International\/wp-json\/wp\/v2\/tags?post=112923"}],"curies":[{"name":"wp","href":"https:\/\/api.w.org\/{rel}","templated":true}]}}