{"id":112925,"date":"2021-03-11T11:27:00","date_gmt":"2021-03-11T16:27:00","guid":{"rendered":"https:\/\/linitiative.ca\/International\/les-elections-legislatives-fixees-au-12-juin\/"},"modified":"2021-03-11T11:27:00","modified_gmt":"2021-03-11T16:27:00","slug":"les-elections-legislatives-fixees-au-12-juin","status":"publish","type":"post","link":"https:\/\/linitiative.ca\/International\/les-elections-legislatives-fixees-au-12-juin\/","title":{"rendered":"Les \u00e9lections l\u00e9gislatives fix\u00e9es au 12 juin"},"content":{"rendered":"<div readability=\"38\">\n<div class=\"txt-core\" readability=\"21\">\n<p>Le pr\u00e9sident Abdelmadjid Tebboune a proc\u00e9d\u00e9, ce jeudi, \u00e0 la signature d&rsquo;un d\u00e9cret pr\u00e9sidentiel portant sur la convocation du corps \u00e9lectoral pour les \u00e9lections l\u00e9gislatives qui se d\u00e9rouleront le samedi 12 juin 2021, indique un communiqu\u00e9 publi\u00e9 sur la page Facebook de la pr\u00e9sidence de la r\u00e9publique. R\u00e9daction Web<\/p>\n<p><ins class=\"adsbygoogle c7\" data-ad-layout=\"in-article\" data-ad-format=\"fluid\" data-ad-client=\"ca-pub-9870549270108482\" data-ad-slot=\"3516802903\"\/> <\/p>\n<hr class=\"spa\"\/>\n<p>Le pr\u00e9sident Abdelmadjid Tebboune a proc\u00e9d\u00e9, ce jeudi, \u00e0 la signature d&rsquo;un d\u00e9cret pr\u00e9sidentiel portant sur la convocation du corps \u00e9lectoral pour les \u00e9lections l\u00e9gislatives qui se d\u00e9rouleront le samedi 12 juin 2021, indique un communiqu\u00e9 publi\u00e9 sur la page Facebook de la pr\u00e9sidence de la r\u00e9publique. R\u00e9daction Web<\/p>\n<\/div>\n<\/div>\n<div id=\"comentaire\" readability=\"10\">\n<h3>Publier votre <span>r\u00e9action<\/span><\/h3>\n<p>Nos articles sont ouverts aux commentaires. Chaque abonn\u00e9 peut y participer dans tous nos contenus et dans l&rsquo;espace r\u00e9serv\u00e9. Nous pr\u00e9cisons \u00e0 nos lecteurs que nous mod\u00e9rons les commentaires pour \u00e9viter certains abus et d\u00e9rives et que nous pouvons \u00eatre amen\u00e9s \u00e0 bloquer les comptes qui contreviendraient de fa\u00e7on r\u00e9currente \u00e0 notre charte d&rsquo;utilisation.<\/p>\n<\/div>\n<p>Auteur:<br \/>\n<a href=\"https:\/\/www.liberte-algerie.com\/actualite\/les-elections-legislatives-fixees-au-12-juin-355424\">Cliquez ici pour lire l&rsquo;article depuis sa source.<\/a><\/p>\n","protected":false},"excerpt":{"rendered":"<p>Le pr\u00e9sident Abdelmadjid Tebboune a proc\u00e9d\u00e9, ce jeudi, \u00e0 la signature d&rsquo;un d\u00e9cret pr\u00e9sidentiel portant sur la convocation du corps \u00e9lectoral pour les \u00e9lections l\u00e9gislatives qui se d\u00e9rouleront le samedi 12 juin 2021, indique un communiqu\u00e9 publi\u00e9 sur la page Facebook de la pr\u00e9sidence de la r\u00e9publique. R\u00e9daction Web Le pr\u00e9sident Abdelmadjid Tebboune a proc\u00e9d\u00e9, [&hellip;]<\/p>\n","protected":false},"author":1742,"featured_media":0,"comment_status":"closed","ping_status":"closed","sticky":false,"template":"","format":"standard","meta":{"fifu_image_url":"","fifu_image_alt":"","footnotes":""},"categories":[73,53],"tags":[],"class_list":["post-112925","post","type-post","status-publish","format-standard","hentry","category-actualite","category-algerie"],"_links":{"self":[{"href":"https:\/\/linitiative.ca\/International\/wp-json\/wp\/v2\/posts\/112925","targetHints":{"allow":["GET"]}}],"collection":[{"href":"https:\/\/linitiative.ca\/International\/wp-json\/wp\/v2\/posts"}],"about":[{"href":"https:\/\/linitiative.ca\/International\/wp-json\/wp\/v2\/types\/post"}],"author":[{"embeddable":true,"href":"https:\/\/linitiative.ca\/International\/wp-json\/wp\/v2\/users\/1742"}],"replies":[{"embeddable":true,"href":"https:\/\/linitiative.ca\/International\/wp-json\/wp\/v2\/comments?post=112925"}],"version-history":[{"count":0,"href":"https:\/\/linitiative.ca\/International\/wp-json\/wp\/v2\/posts\/112925\/revisions"}],"wp:attachment":[{"href":"https:\/\/linitiative.ca\/International\/wp-json\/wp\/v2\/media?parent=112925"}],"wp:term":[{"taxonomy":"category","embeddable":true,"href":"https:\/\/linitiative.ca\/International\/wp-json\/wp\/v2\/categories?post=112925"},{"taxonomy":"post_tag","embeddable":true,"href":"https:\/\/linitiative.ca\/International\/wp-json\/wp\/v2\/tags?post=112925"}],"curies":[{"name":"wp","href":"https:\/\/api.w.org\/{rel}","templated":true}]}}