{"id":112926,"date":"2021-03-11T09:14:26","date_gmt":"2021-03-11T14:14:26","guid":{"rendered":"https:\/\/linitiative.ca\/International\/antenne-du-cri-vers-un-investissement-intelligent\/"},"modified":"2021-03-11T09:14:26","modified_gmt":"2021-03-11T14:14:26","slug":"antenne-du-cri-vers-un-investissement-intelligent","status":"publish","type":"post","link":"https:\/\/linitiative.ca\/International\/antenne-du-cri-vers-un-investissement-intelligent\/","title":{"rendered":"Antenne du CRI: Vers un investissement \u00ab\u00a0intelligent\u00a0\u00bb"},"content":{"rendered":"<div readability=\"37\">\n<p>Propos recueillis par Hassan EL AMRI-.<br \/>Essaouira- La mise en place d\u2019une antenne du Centre R\u00e9gional d\u2019Investissement de Marrakech-Safi (CRI-MS) \u00e0 Essaouira vient \u00e0 point nomm\u00e9 dans l\u2019optique de promouvoir un investissement \u00ab\u00a0intelligent\u00a0\u00bb et \u00ab\u00a0cr\u00e9ateur de valeurs\u00a0\u00bb \u00e0 l\u2019\u00e9chelle de la province, a affirm\u00e9 la Directrice de ladite antenne, Mme Amal Bouizzem.<\/p>\n<\/div>\n<div readability=\"114\">\n<p>Dans un entretien accord\u00e9 \u00e0 la MAP, Mme Bouizzem a soulign\u00e9 que cette nouvelle structure, dont la c\u00e9r\u00e9monie d\u2019inauguration officielle a eu lieu en novembre dernier, vient naturellement renforcer le r\u00f4le du CRI de Marrakech-Safi en tant qu\u2019acteur incontournable du d\u00e9veloppement territorial, sans oublier la consolidation de la proximit\u00e9 avec les acteurs \u00e9conomiques et les investisseurs, ainsi que la disponibilit\u00e9 d\u2019un repr\u00e9sentant sur place, qui va, sans nul doute, am\u00e9liorer l\u2019efficacit\u00e9 des \u00e9changes et faciliter la coordination au niveau local.<\/p>\n<p>Et la responsable d\u2019expliquer que \u00ab\u00a0notre mission au niveau de l\u2019antenne sera, en application du r\u00f4le du CRI-MS, de mettre en avant cette richesse et de promouvoir un investissement intelligent et cr\u00e9ateur de valeurs, tout en accompagnant les entrepreneurs, notamment les tr\u00e8s petites, petites et moyennes entreprises et ce, tout au long du processus, depuis la cr\u00e9ation jusqu\u2019au suivi de l\u2019ex\u00e9cution et de la performance\u00a0\u00bb.<\/p>\n<p>Relevant qu\u2019Essaouira\u00a0est une province riche de potentialit\u00e9s et d\u2019atouts, Mme Bouizzem a fait savoir que le CRI-MS dispose aujourd\u2019hui d\u2019un plan d\u2019action bas\u00e9 sur plusieurs piliers, ajoutant que le premier d\u00e9di\u00e9 \u00e0 la \u00ab\u00a0Data et information\u00a0\u00bb vise \u00e0 enrichir le corpus de connaissance du tissu \u00e9conomique afin de faire augmenter la visibilit\u00e9 donn\u00e9e aux investisseurs et pouvoirs publics et pouvoir mieux les guider dans la prise de d\u00e9cision.<\/p>\n<p>Elle a pr\u00e9cis\u00e9, dans ce sens, que la veille et intelligence \u00e9conomique ainsi que la mise \u00e0 disposition de l\u2019information sont des missions auxquelles \u00ab\u00a0nous accordons une grande importance et pour lesquelles nous mobilisons une grande partie de nos ressources\u00a0\u00bb.<\/p>\n<p>S\u2019agissant du 2\u00e8me pilier, \u00e0 savoir le d\u00e9veloppement de la visibilit\u00e9 du territoire, Mme Bouizzem a not\u00e9 qu&rsquo;\u00a0\u00bb\u00e0 travers nos services de promotion et de d\u00e9veloppement de l\u2019offre territoriale, nous avons pour objectif de faire conna\u00eetre les atouts de la province d\u2019Essaouira, par le biais des actions de communication d\u00e9di\u00e9es et des projets structurants pr\u00e9vus au niveau du plan d\u2019action op\u00e9rationnel\u00a0\u00bb.<\/p>\n<p>Quant au 3\u00e8me pilier relatif \u00e0 l\u2019accompagnement, elle a mis l\u2019accent sur la grande importance accord\u00e9e \u00e0 l\u2019encadrement personnalis\u00e9 et \u00e0 l\u2019after-care, dans le cadre d\u2019une approche de proximit\u00e9 et de soutien.<\/p>\n<p>Mme Bouizzem a, en outre, indiqu\u00e9 que depuis l\u2019ouverture de l\u2019antenne, l\u2019\u00e9quipe sur place accueille quotidiennement des demandes diverses, que ce soit des demandes d\u2019information sur les statuts du foncier, l\u2019orientation et l\u2019accompagnement ou encore l\u2019encadrement et le suivi dans le cadre du Programme Int\u00e9gr\u00e9 d\u2019Appui et de Financement des Entreprises (PIAFE), assurant que l\u2019ensemble des demandes sont trait\u00e9es par l\u2019\u00e9quipe qui veille \u00e0 contribuer autant que possible \u00e0 la cr\u00e9ation de valeurs et \u00e0 la lutte contre l\u2019informel.<\/p>\n<p>Elle a, dans ce cadre, relev\u00e9 que cet accueil est renforc\u00e9 \u00e0 travers des actions de proximit\u00e9, comme l\u2019organisation de webinaires, de formations ou encore de multiples actions de communication sectorielles.<\/p>\n<p>Et la responsable d\u2019estimer que les perspectives sont positives \u00e0 l\u2019\u00e9chelle de la province, d\u2019autant plus que plusieurs signes de reprise et indices incitent \u00e0 l\u2019optimisme quant \u00e0 l\u2019avenir proche d\u2019Essaouira, une province riche sur les plans agricole, historique et naturel.<\/p>\n<p>\u00ab\u00a0Il s\u2019agira donc pour le CRI-MS et son antenne de mettre en valeur ces atouts et d\u2019accompagner la dynamique qui sera insuffl\u00e9e par des projets de grande envergure tels que la Cit\u00e9 des Arts et de la Culture ou encore l\u2019Universit\u00e9 internationale d\u2019Essaouira\u00a0\u00bb, a-t-elle conclu.<\/p>\n<\/div>\n<p>Auteur: Mohammed KOURSI<br \/>\n<a href=\"http:\/\/www.mapmarrakech.ma\/fr\/antenne-du-cri-vers-un-investissement-intelligent\/\">Cliquez ici pour lire l&rsquo;article depuis sa source.<\/a><\/p>\n","protected":false},"excerpt":{"rendered":"<p>Propos recueillis par Hassan EL AMRI-.Essaouira- La mise en place d\u2019une antenne du Centre R\u00e9gional d\u2019Investissement de Marrakech-Safi (CRI-MS) \u00e0 Essaouira vient \u00e0 point nomm\u00e9 dans l\u2019optique de promouvoir un investissement \u00ab\u00a0intelligent\u00a0\u00bb et \u00ab\u00a0cr\u00e9ateur de valeurs\u00a0\u00bb \u00e0 l\u2019\u00e9chelle de la province, a affirm\u00e9 la Directrice de ladite antenne, Mme Amal Bouizzem. Dans un entretien accord\u00e9 [&hellip;]<\/p>\n","protected":false},"author":1788,"featured_media":0,"comment_status":"closed","ping_status":"closed","sticky":false,"template":"","format":"standard","meta":{"fifu_image_url":"","fifu_image_alt":"","footnotes":""},"categories":[54,76],"tags":[],"class_list":["post-112926","post","type-post","status-publish","format-standard","hentry","category-maroc","category-regions"],"_links":{"self":[{"href":"https:\/\/linitiative.ca\/International\/wp-json\/wp\/v2\/posts\/112926","targetHints":{"allow":["GET"]}}],"collection":[{"href":"https:\/\/linitiative.ca\/International\/wp-json\/wp\/v2\/posts"}],"about":[{"href":"https:\/\/linitiative.ca\/International\/wp-json\/wp\/v2\/types\/post"}],"author":[{"embeddable":true,"href":"https:\/\/linitiative.ca\/International\/wp-json\/wp\/v2\/users\/1788"}],"replies":[{"embeddable":true,"href":"https:\/\/linitiative.ca\/International\/wp-json\/wp\/v2\/comments?post=112926"}],"version-history":[{"count":0,"href":"https:\/\/linitiative.ca\/International\/wp-json\/wp\/v2\/posts\/112926\/revisions"}],"wp:attachment":[{"href":"https:\/\/linitiative.ca\/International\/wp-json\/wp\/v2\/media?parent=112926"}],"wp:term":[{"taxonomy":"category","embeddable":true,"href":"https:\/\/linitiative.ca\/International\/wp-json\/wp\/v2\/categories?post=112926"},{"taxonomy":"post_tag","embeddable":true,"href":"https:\/\/linitiative.ca\/International\/wp-json\/wp\/v2\/tags?post=112926"}],"curies":[{"name":"wp","href":"https:\/\/api.w.org\/{rel}","templated":true}]}}