{"id":112927,"date":"2021-03-11T09:26:30","date_gmt":"2021-03-11T14:26:30","guid":{"rendered":"https:\/\/linitiative.ca\/International\/trois-questions-a-la-directrice-de-lantenne-du-cri-ms\/"},"modified":"2021-03-11T09:26:30","modified_gmt":"2021-03-11T14:26:30","slug":"trois-questions-a-la-directrice-de-lantenne-du-cri-ms","status":"publish","type":"post","link":"https:\/\/linitiative.ca\/International\/trois-questions-a-la-directrice-de-lantenne-du-cri-ms\/","title":{"rendered":"Trois questions \u00e0 la Directrice de l\u2019antenne du CRI-MS"},"content":{"rendered":"<div readability=\"40\">\n<p>Essaouira- La Directrice de l\u2019antenne du Centre R\u00e9gional d\u2019Investissement de Marrakech-Safi (CRI-MS) \u00e0 Essaouira, Mme Amal Bouizzem, revient, dans un entretien accord\u00e9 \u00e0 la MAP, sur l\u2019ouverture de cette structure dans la Cit\u00e9 des Aliz\u00e9s, ainsi que sur les actions et mesures entreprises par le CRI-MS pour booster la dynamique d\u2019entrepreneuriat et d\u2019investissement dans la province et conforter ses perspectives d\u2019avenir.<\/p>\n<\/div>\n<div readability=\"112\">\n<p><strong>1-Le CRI de Marrakech-Safi (CRI-MS) vient d\u2019ouvrir une antenne \u00e0\u00a0Essaouira. Quel impact aura la mise en place de cette structure sur le renforcement de l\u2019attraction des investissements dans la province ?<\/strong><\/p>\n<p>-L\u2019antenne d\u2019Essaouira\u00a0vient naturellement renforcer le r\u00f4le du CRI-MS en tant qu\u2019acteur incontournable de d\u00e9veloppement territorial, la proximit\u00e9 avec les acteurs \u00e9conomiques et les investisseurs, ainsi que la disponibilit\u00e9 d\u2019un repr\u00e9sentant sur place, qui va am\u00e9liorer l\u2019efficacit\u00e9 des \u00e9changes et facilitera la coordination au niveau local.<\/p>\n<p>Essaouira\u00a0est une province riche de potentialit\u00e9s et d\u2019atouts. Notre mission au niveau de l\u2019antenne sera, en application du r\u00f4le du CRI-MS, de mettre en avant cette richesse et de promouvoir un investissement intelligent et cr\u00e9ateur de valeurs, tout en accompagnant les entrepreneurs, notamment les tr\u00e8s petites, petites et moyennes entreprises et ce, tout au long du processus, depuis la cr\u00e9ation jusqu\u2019au suivi de l\u2019ex\u00e9cution et de la performance.<\/p>\n<p><strong>2-La province d\u2019Essaouira\u00a0regorge d\u2019importantes potentialit\u00e9s et de grands atouts dans divers domaines susceptibles d\u2019attirer davantage d\u2019investissements. Quel plan d\u2019action a \u00e9t\u00e9 mis en place par le CRI-MS et son antenne \u00e0\u00a0Essaouira\u00a0pour consolider l\u2019attractivit\u00e9 de la Cit\u00e9 des Aliz\u00e9s et de sa r\u00e9gion surtout que le monde traverse une conjoncture particuli\u00e8re due \u00e0 la propagation de la pand\u00e9mie de la Covid-19 ?<\/strong><\/p>\n<p>-Aujourd\u2019hui, le CRI-MS a un plan d\u2019action bas\u00e9 sur plusieurs piliers. Le premier est le \u00ab\u00a0Data et information\u00a0\u00bb visant \u00e0 enrichir le corpus de connaissance du tissu \u00e9conomique afin de pouvoir augmenter la visibilit\u00e9 que nous donnons aux investisseurs et pouvoirs publics et mieux les guider dans la prise de d\u00e9cision.<\/p>\n<p>La veille et intelligence \u00e9conomique ainsi que la mise \u00e0 disposition de l\u2019information sont des missions auxquelles nous accordons une grande importance et pour lesquelles nous mobilisons une grande partie de nos ressources.<\/p>\n<p>Le deuxi\u00e8me pilier sur lequel repose notre plan d\u2019action est le d\u00e9veloppement de la visibilit\u00e9 du territoire. En effet, \u00e0 travers nos services de promotion et de d\u00e9veloppement de l\u2019offre territoriale, nous avons pour objectif de faire conna\u00eetre les atouts de la province d\u2019Essaouira, \u00e0 travers des actions de communication d\u00e9di\u00e9es et des projets structurants pr\u00e9vus au niveau du plan d\u2019action op\u00e9rationnel.<\/p>\n<p>Le 3\u00e8me pilier est celui de l\u2019accompagnement, \u00e0 travers lequel nous accordons l\u2019importance \u00e0 l\u2019encadrement personnalis\u00e9 et l\u2019after-care, dans une approche de proximit\u00e9 et de soutien.<\/p>\n<p><strong>3-Dans le cadre des missions conf\u00e9r\u00e9es au CRI-MS, quelles sont les mesures prises par l\u2019antenne d\u2019Essaouira\u00a0pour soutenir et encourager l\u2019entrepreneuriat et promouvoir l\u2019investissement et la cr\u00e9ation de richesses et d\u2019emplois dans la province ?<\/strong><\/p>\n<p>-Depuis l\u2019ouverture de l\u2019antenne, l\u2019\u00e9quipe sur place accueille quotidiennement des demandes diverses, que ce soit des demandes d\u2019information sur les statuts du foncier, l\u2019orientation et l\u2019accompagnement ou encore l\u2019encadrement et le suivi dans le cadre du Programme Int\u00e9gr\u00e9 d\u2019Appui et de Financement des Entreprises (PIAFE).<\/p>\n<p>Nous traitons l\u2019ensemble des demandes et contribuons autant que possible \u00e0 la cr\u00e9ation de valeurs et \u00e0 la lutte contre l\u2019informel.<\/p>\n<p>Cet accueil est naturellement renforc\u00e9 \u00e0 travers des actions de proximit\u00e9, comme l\u2019organisation de webinaires, de formations ou encore de multiples actions de communication sectorielles.<\/p>\n<p><strong>4-Un mot pour conclure\u2026<\/strong><\/p>\n<p>-Les perspectives sont positives. Plusieurs signes de reprise et plusieurs indices nous laissent optimistes quant \u00e0 l\u2019avenir proche d\u2019Essaouira, une province riche sur le plan agricole, historique et naturel. Il s\u2019agira donc pour le CRI-MS et de son antenne de mettre en valeur ces atouts et d\u2019accompagner la dynamique qui sera insuffl\u00e9e par des projets de grande envergure tels que la Cit\u00e9 des Arts et de la Culture ou encore l\u2019Universit\u00e9 Internationale d\u2019Essaouira.<\/p>\n<\/div>\n<p>Auteur: Mohammed KOURSI<br \/>\n<a href=\"http:\/\/www.mapmarrakech.ma\/fr\/trois-questions-a-la-directrice-de-lantenne-du-cri-ms\/\">Cliquez ici pour lire l&rsquo;article depuis sa source.<\/a><\/p>\n","protected":false},"excerpt":{"rendered":"<p>Essaouira- La Directrice de l\u2019antenne du Centre R\u00e9gional d\u2019Investissement de Marrakech-Safi (CRI-MS) \u00e0 Essaouira, Mme Amal Bouizzem, revient, dans un entretien accord\u00e9 \u00e0 la MAP, sur l\u2019ouverture de cette structure dans la Cit\u00e9 des Aliz\u00e9s, ainsi que sur les actions et mesures entreprises par le CRI-MS pour booster la dynamique d\u2019entrepreneuriat et d\u2019investissement dans la [&hellip;]<\/p>\n","protected":false},"author":1788,"featured_media":0,"comment_status":"closed","ping_status":"closed","sticky":false,"template":"","format":"standard","meta":{"fifu_image_url":"","fifu_image_alt":"","footnotes":""},"categories":[54,76],"tags":[],"class_list":["post-112927","post","type-post","status-publish","format-standard","hentry","category-maroc","category-regions"],"_links":{"self":[{"href":"https:\/\/linitiative.ca\/International\/wp-json\/wp\/v2\/posts\/112927","targetHints":{"allow":["GET"]}}],"collection":[{"href":"https:\/\/linitiative.ca\/International\/wp-json\/wp\/v2\/posts"}],"about":[{"href":"https:\/\/linitiative.ca\/International\/wp-json\/wp\/v2\/types\/post"}],"author":[{"embeddable":true,"href":"https:\/\/linitiative.ca\/International\/wp-json\/wp\/v2\/users\/1788"}],"replies":[{"embeddable":true,"href":"https:\/\/linitiative.ca\/International\/wp-json\/wp\/v2\/comments?post=112927"}],"version-history":[{"count":0,"href":"https:\/\/linitiative.ca\/International\/wp-json\/wp\/v2\/posts\/112927\/revisions"}],"wp:attachment":[{"href":"https:\/\/linitiative.ca\/International\/wp-json\/wp\/v2\/media?parent=112927"}],"wp:term":[{"taxonomy":"category","embeddable":true,"href":"https:\/\/linitiative.ca\/International\/wp-json\/wp\/v2\/categories?post=112927"},{"taxonomy":"post_tag","embeddable":true,"href":"https:\/\/linitiative.ca\/International\/wp-json\/wp\/v2\/tags?post=112927"}],"curies":[{"name":"wp","href":"https:\/\/api.w.org\/{rel}","templated":true}]}}