{"id":112930,"date":"2021-03-11T13:57:25","date_gmt":"2021-03-11T18:57:25","guid":{"rendered":"https:\/\/linitiative.ca\/International\/dementi-de-negligence-dans-le-traitement-dun-detenu-malade\/"},"modified":"2021-03-11T13:57:25","modified_gmt":"2021-03-11T18:57:25","slug":"dementi-de-negligence-dans-le-traitement-dun-detenu-malade","status":"publish","type":"post","link":"https:\/\/linitiative.ca\/International\/dementi-de-negligence-dans-le-traitement-dun-detenu-malade\/","title":{"rendered":"D\u00e9menti de \u00ab\u00a0n\u00e9gligence dans le traitement d\u2019un d\u00e9tenu malade\u00a0\u00bb"},"content":{"rendered":"<div class=\"single-featured\"><img alt=\"\" data-src=\"http:\/\/www.mapmarrakech.ma\/map\/uploads\/2021\/03\/prison-locale-728x430.jpg\"\/><\/div>\n<div class=\"single-post-excerpt post-excerpt-bc\" readability=\"36\">\n<p>Marrakech- L\u2019administration de la prison locale de l\u2019Oudaya \u00e0 Marrakech a d\u00e9menti, jeudi, les all\u00e9gations publi\u00e9es sur certains sites \u00e9lectroniques de \u00ab\u00a0n\u00e9gligence dans le traitement d\u2019un d\u00e9tenu malade\u00a0\u00bb.<\/p>\n<\/div>\n<div class=\"entry-content clearfix single-post-content\" readability=\"54\">\n<p>Dans une mise au point, ladite administration a pr\u00e9cis\u00e9 que le prisonnier en question souffre, bien avant sa d\u00e9tention, de sympt\u00f4mes d\u2019une maladie qui n\u2019a pas encore \u00e9t\u00e9 d\u00e9finitivement diagnostiqu\u00e9e, et poursuit son traitement \u00e0 l\u2019\u00e9tablissement o\u00f9 il a b\u00e9n\u00e9fici\u00e9 de 13 examens m\u00e9dicaux et de plusieurs analyses en laboratoire, notant que son \u00e9tat est actuellement stable selon une d\u00e9claration du m\u00e9decin dudit \u00e9tablissement.<\/p>\n<p>Et l\u2019administration d\u2019ajouter que, depuis son transfert le 17 f\u00e9vrier 2021 au quartier r\u00e9serv\u00e9 aux condamn\u00e9s en premi\u00e8re instance dans le cadre d\u2019une op\u00e9ration de recat\u00e9gorisation, le prisonnier en question refuse de b\u00e9n\u00e9ficier de son droit \u00e0 la recr\u00e9ation et ne sort pas de sa cellule o\u00f9 il passe son temps \u00e0 parler au t\u00e9l\u00e9phone, sous pr\u00e9texte de l\u2019effet des rayons du soleil sur sa sant\u00e9 malgr\u00e9 la pr\u00e9sence d\u2019endroits ombrag\u00e9s dans la cour de recr\u00e9ation.<\/p>\n<p>S\u2019agissant des all\u00e9gations sur sa \u00ab\u00a0privation du chauffage\u00a0\u00bb, la m\u00eame source explique qu\u2019il s\u2019agit d\u2019une interdiction conforme \u00e0 la loi de cuisiner soi-m\u00eame dans la cellule, sachant que ledit prisonnier b\u00e9n\u00e9ficie d\u2019une di\u00e8te.<\/p>\n<\/div>\n<p>Auteur: Mohammed KOURSI<br \/>\n<a href=\"http:\/\/www.mapmarrakech.ma\/fr\/dementi-de-negligence-dans-le-traitement-dun-detenu-malade\/\">Cliquez ici pour lire l&rsquo;article depuis sa source.<\/a><\/p>\n","protected":false},"excerpt":{"rendered":"<p>Marrakech- L\u2019administration de la prison locale de l\u2019Oudaya \u00e0 Marrakech a d\u00e9menti, jeudi, les all\u00e9gations publi\u00e9es sur certains sites \u00e9lectroniques de \u00ab\u00a0n\u00e9gligence dans le traitement d\u2019un d\u00e9tenu malade\u00a0\u00bb. Dans une mise au point, ladite administration a pr\u00e9cis\u00e9 que le prisonnier en question souffre, bien avant sa d\u00e9tention, de sympt\u00f4mes d\u2019une maladie qui n\u2019a pas encore [&hellip;]<\/p>\n","protected":false},"author":1788,"featured_media":0,"comment_status":"closed","ping_status":"closed","sticky":false,"template":"","format":"standard","meta":{"fifu_image_url":"http:\/\/www.mapmarrakech.ma\/map\/uploads\/2021\/03\/prison-locale-728x430.jpg","fifu_image_alt":"D\u00e9menti de \u00ab\u00a0n\u00e9gligence dans le traitement d\u2019un d\u00e9tenu malade\u00a0\u00bb","footnotes":""},"categories":[54,76],"tags":[],"class_list":["post-112930","post","type-post","status-publish","format-standard","hentry","category-maroc","category-regions"],"_links":{"self":[{"href":"https:\/\/linitiative.ca\/International\/wp-json\/wp\/v2\/posts\/112930","targetHints":{"allow":["GET"]}}],"collection":[{"href":"https:\/\/linitiative.ca\/International\/wp-json\/wp\/v2\/posts"}],"about":[{"href":"https:\/\/linitiative.ca\/International\/wp-json\/wp\/v2\/types\/post"}],"author":[{"embeddable":true,"href":"https:\/\/linitiative.ca\/International\/wp-json\/wp\/v2\/users\/1788"}],"replies":[{"embeddable":true,"href":"https:\/\/linitiative.ca\/International\/wp-json\/wp\/v2\/comments?post=112930"}],"version-history":[{"count":0,"href":"https:\/\/linitiative.ca\/International\/wp-json\/wp\/v2\/posts\/112930\/revisions"}],"wp:attachment":[{"href":"https:\/\/linitiative.ca\/International\/wp-json\/wp\/v2\/media?parent=112930"}],"wp:term":[{"taxonomy":"category","embeddable":true,"href":"https:\/\/linitiative.ca\/International\/wp-json\/wp\/v2\/categories?post=112930"},{"taxonomy":"post_tag","embeddable":true,"href":"https:\/\/linitiative.ca\/International\/wp-json\/wp\/v2\/tags?post=112930"}],"curies":[{"name":"wp","href":"https:\/\/api.w.org\/{rel}","templated":true}]}}