{"id":112932,"date":"2021-03-11T08:59:40","date_gmt":"2021-03-11T13:59:40","guid":{"rendered":"https:\/\/linitiative.ca\/International\/adoption-du-projet-de-loi-portant-usage-legal-du-cannabis\/"},"modified":"2021-03-11T08:59:40","modified_gmt":"2021-03-11T13:59:40","slug":"adoption-du-projet-de-loi-portant-usage-legal-du-cannabis","status":"publish","type":"post","link":"https:\/\/linitiative.ca\/International\/adoption-du-projet-de-loi-portant-usage-legal-du-cannabis\/","title":{"rendered":"Adoption du projet de loi portant usage l\u00e9gal du cannabis"},"content":{"rendered":"<p class=\"c4\">Le Conseil de gouvernement, r\u00e9uni jeudi par visioconf\u00e9rence, sous la pr\u00e9sidence du Chef du gouvernement, Saad Dine El Otmani, a adopt\u00e9 le projet de loi n\u00b013.21 portant usages licites du cannabis.<\/p>\n<p class=\"c4\">Ce projet de loi, pr\u00e9sent\u00e9 par le ministre de l\u2019Int\u00e9rieur, Abdelouafi Laftit, et qui a \u00e9t\u00e9 \u00e9labor\u00e9 en harmonie avec les engagements internationaux du Royaume du Maroc, vise \u00e0 soumettre toutes les activit\u00e9s li\u00e9es \u00e0 la culture, \u00e0 la production, \u00e0 la transformation, au transport, \u00e0 la commercialisation, \u00e0 l\u2019exportation et \u00e0 l\u2019importation du cannabis et de ses produits \u00e0 un syst\u00e8me de licence, a indiqu\u00e9 le ministre de l\u2019\u00c9ducation nationale, de la Formation professionnelle, de l\u2019Enseignement sup\u00e9rieur et de la Recherche scientifique, porte-parole du gouvernement, Saaid Amzazi dans un communiqu\u00e9 lu lors d\u2019un point de presse \u00e0 l\u2019issue du Conseil.<\/p>\n<p class=\"c4\">Le projet a pour objectif \u00e9galement de cr\u00e9er une agence nationale charg\u00e9e de la coordination entre tous les d\u00e9partements gouvernementaux, les \u00e9tablissements publics et les partenaires nationaux et internationaux pour le d\u00e9veloppement d\u2019une fili\u00e8re agricole et industrielle d\u00e9di\u00e9e au cannabis, tout en renfor\u00e7ant les m\u00e9canismes de contr\u00f4le, a ajout\u00e9 M. Amzazi.<\/p>\n<p class=\"c4\">Le texte de loi ouvre la voie aux agriculteurs pour rejoindre les coop\u00e9ratives agricoles, avec obligation de recevoir les r\u00e9coltes des entreprises de fabrication et d\u2019exportation, tout en pr\u00e9voyant des sanctions pour dissuader les contrevenants aux dispositions de cette loi, a not\u00e9 le porte-parole du gouvernement.<\/p>\n<p>Auteur: Soufiane ELAHMAR<br \/>\n<a href=\"http:\/\/www.mapoujda.ma\/fr\/adoption-du-projet-de-loi-portant-usage-legal-du-cannabis\/\">Cliquez ici pour lire l&rsquo;article depuis sa source.<\/a><\/p>\n","protected":false},"excerpt":{"rendered":"<p>Le Conseil de gouvernement, r\u00e9uni jeudi par visioconf\u00e9rence, sous la pr\u00e9sidence du Chef du gouvernement, Saad Dine El Otmani, a adopt\u00e9 le projet de loi n\u00b013.21 portant usages licites du cannabis. Ce projet de loi, pr\u00e9sent\u00e9 par le ministre de l\u2019Int\u00e9rieur, Abdelouafi Laftit, et qui a \u00e9t\u00e9 \u00e9labor\u00e9 en harmonie avec les engagements internationaux du [&hellip;]<\/p>\n","protected":false},"author":1788,"featured_media":0,"comment_status":"closed","ping_status":"closed","sticky":false,"template":"","format":"standard","meta":{"fifu_image_url":"","fifu_image_alt":"","footnotes":""},"categories":[54,76],"tags":[],"class_list":["post-112932","post","type-post","status-publish","format-standard","hentry","category-maroc","category-regions"],"_links":{"self":[{"href":"https:\/\/linitiative.ca\/International\/wp-json\/wp\/v2\/posts\/112932","targetHints":{"allow":["GET"]}}],"collection":[{"href":"https:\/\/linitiative.ca\/International\/wp-json\/wp\/v2\/posts"}],"about":[{"href":"https:\/\/linitiative.ca\/International\/wp-json\/wp\/v2\/types\/post"}],"author":[{"embeddable":true,"href":"https:\/\/linitiative.ca\/International\/wp-json\/wp\/v2\/users\/1788"}],"replies":[{"embeddable":true,"href":"https:\/\/linitiative.ca\/International\/wp-json\/wp\/v2\/comments?post=112932"}],"version-history":[{"count":0,"href":"https:\/\/linitiative.ca\/International\/wp-json\/wp\/v2\/posts\/112932\/revisions"}],"wp:attachment":[{"href":"https:\/\/linitiative.ca\/International\/wp-json\/wp\/v2\/media?parent=112932"}],"wp:term":[{"taxonomy":"category","embeddable":true,"href":"https:\/\/linitiative.ca\/International\/wp-json\/wp\/v2\/categories?post=112932"},{"taxonomy":"post_tag","embeddable":true,"href":"https:\/\/linitiative.ca\/International\/wp-json\/wp\/v2\/tags?post=112932"}],"curies":[{"name":"wp","href":"https:\/\/api.w.org\/{rel}","templated":true}]}}