{"id":112933,"date":"2021-03-11T11:13:40","date_gmt":"2021-03-11T16:13:40","guid":{"rendered":"https:\/\/linitiative.ca\/International\/le-projet-je-viens-de-loriental-rend-hommage-a-feue-zoulikha-nasri\/"},"modified":"2021-03-11T11:13:40","modified_gmt":"2021-03-11T16:13:40","slug":"le-projet-je-viens-de-loriental-rend-hommage-a-feue-zoulikha-nasri","status":"publish","type":"post","link":"https:\/\/linitiative.ca\/International\/le-projet-je-viens-de-loriental-rend-hommage-a-feue-zoulikha-nasri\/","title":{"rendered":"Le projet \u00abJe viens de l\u2019Oriental\u00bb rend hommage \u00e0 Feue Zoulikha Nasri"},"content":{"rendered":"<p class=\"c4\">Le projet culturel digital \u00abJe viens de l\u2019Oriental\u00bb, visant \u00e0 faire d\u00e9couvrir la richesse du patrimoine culturel et humain de l\u2019Oriental, a rendu hommage \u00e0 Feue Zoulikha Nasri (1945- 2015), premi\u00e8re femme \u00e0 occuper le poste de Conseiller de SM le Roi.<\/p>\n<p class=\"c4\">Cet hommage posthume, rendu \u00e0 l\u2019occasion de la Journ\u00e9e internationale des droits des femmes, a \u00e9t\u00e9 fait selon le concept \u00ab\u00a9Figur\u2019iental\u00bb, faisant partie de ce projet et qui consiste en un portrait illustr\u00e9 d\u2019une personnalit\u00e9 de l\u2019Oriental, une femme ou un homme qui se distingue dans son domaine et dont le rayonnement d\u00e9passe souvent les fronti\u00e8res de sa r\u00e9gion.<\/p>\n<p class=\"c4\">Native de la ville d\u2019Oujda o\u00f9 elle avait fait ses \u00e9tudes jusqu\u2019\u00e0 l\u2019obtention du baccalaur\u00e9at, Mme Nasri avait poursuivi sa formation \u00e0 Rabat o\u00f9 elle a obtenu un dipl\u00f4me de l\u2019Ecole nationale d\u2019administration, puis \u00e0 l\u2019universit\u00e9 Jean Moulin (France) o\u00f9 elle a d\u00e9croch\u00e9 un dipl\u00f4me d\u2019\u00e9tudes sup\u00e9rieures sp\u00e9cialis\u00e9es en assurances, puis le titre de docteur d\u2019Etat en droit priv\u00e9.<\/p>\n<p class=\"c4\">Mme Nasri avait dirig\u00e9 la direction des assurances depuis 1994, avant d\u2019\u00eatre nomm\u00e9e en 1997\u00a0par Feu SM Hassan II secr\u00e9taire d\u2019Etat aupr\u00e8s du ministre des Affaires sociales charg\u00e9e de l\u2019Entraide nationale, devenant l\u2019une des quatre femmes \u00e0 int\u00e9grer le gouvernement.<\/p>\n<p class=\"c4\">En 1998, elle fut nomm\u00e9e Charg\u00e9e de mission au Cabinet Royal, avant d\u2019\u00eatre nomm\u00e9e par SM le Roi Mohammed VI, le 29 mars 2000, au poste de Conseiller de Sa Majest\u00e9, devenant la premi\u00e8re femme \u00e0 occuper cette fonction.<\/p>\n<p class=\"c4\">Feue Zoulikha Nasri \u00e9tait \u00e9galement membre de plusieurs associations nationales et internationales et a dirig\u00e9 notamment la Fondation Mohammed V pour la solidarit\u00e9 et la Fondation Mohammed VI pour la r\u00e9insertion des d\u00e9tenus.<\/p>\n<p class=\"c4\">Le projet culturel \u00abJe viens de l\u2019Oriental\u00bb est cr\u00e9\u00e9 et lanc\u00e9 sur les r\u00e9seaux sociaux \u00e0 l\u2019initiative de l\u2019Institut fran\u00e7ais d\u2019Oujda, en partenariat avec l\u2019Agence de l\u2019Oriental et en association avec le collectif artistique \u00abKASSITA\u00bb.<\/p>\n<p class=\"c4\">Cette collaboration ambitieuse pr\u00e9sente un ensemble de sc\u00e8nes et d\u2019images qui ont marqu\u00e9 l\u2019histoire de l\u2019Oriental, \u00e0 travers une s\u00e9rie de portraits, de documentaires et d\u2019illustrations graphiques mettant en valeur des personnalit\u00e9s, des produits, des lieux et des histoires c\u00e9l\u00e8bres de la r\u00e9gion.<\/p>\n<p class=\"c4\">Le projet se distingue par son design graphique portant la signature de l\u2019artiste-peintre Youness Miloudi, par son format destin\u00e9 aux utilisateurs des r\u00e9seaux sociaux, par son authenticit\u00e9 documentaire et par sa continuit\u00e9 dans le temps \u00e0 travers des rendez-vous r\u00e9guliers tout au long de l\u2019ann\u00e9e 2021.<\/p>\n<p class=\"c4\">Ce projet se d\u00e9cline en trois concepts : \u00ab\u00a9Illus\u2019tradition\u00bb, qui met mensuellement un coup de projecteur sur une tradition de la r\u00e9gion de l\u2019Oriental, \u00ab\u00a9Tr\u00e8s\u2019oriental\u00bb, consistant en un court m\u00e9trage documentaire d\u2019une minute qui fouille dans les archives de la r\u00e9gion, et \u00ab\u00a9Figur\u2019iental\u00bb, un portrait illustr\u00e9 d\u2019une personnalit\u00e9 de l\u2019Oriental.<\/p>\n<p class=\"c4\">\u00abJe viens de l\u2019Oriental\u00bb a ainsi d\u00e9j\u00e0 mis la lumi\u00e8re sur le \u00abHa\u00efk\u00bb, habit traditionnel de l\u2019Oriental, sur l\u2019histoire de la fondation de la ville d\u2019Oujda et sur la figure de Cheikh Mohamed Salah Cha\u00e2bane (1911 \u2013 1973), l\u2019un des pionniers de la musique andalouse \u00e0 Oujda et au Maroc en g\u00e9n\u00e9ral.<\/p>\n<p>Auteur: Soufiane ELAHMAR<br \/>\n<a href=\"http:\/\/www.mapoujda.ma\/fr\/le-projet-je-viens-de-loriental-rend-hommage-a-feue-zoulikha-nasri\/\">Cliquez ici pour lire l&rsquo;article depuis sa source.<\/a><\/p>\n","protected":false},"excerpt":{"rendered":"<p>Le projet culturel digital \u00abJe viens de l\u2019Oriental\u00bb, visant \u00e0 faire d\u00e9couvrir la richesse du patrimoine culturel et humain de l\u2019Oriental, a rendu hommage \u00e0 Feue Zoulikha Nasri (1945- 2015), premi\u00e8re femme \u00e0 occuper le poste de Conseiller de SM le Roi. Cet hommage posthume, rendu \u00e0 l\u2019occasion de la Journ\u00e9e internationale des droits des [&hellip;]<\/p>\n","protected":false},"author":1788,"featured_media":0,"comment_status":"closed","ping_status":"closed","sticky":false,"template":"","format":"standard","meta":{"fifu_image_url":"","fifu_image_alt":"","footnotes":""},"categories":[54,76],"tags":[],"class_list":["post-112933","post","type-post","status-publish","format-standard","hentry","category-maroc","category-regions"],"_links":{"self":[{"href":"https:\/\/linitiative.ca\/International\/wp-json\/wp\/v2\/posts\/112933","targetHints":{"allow":["GET"]}}],"collection":[{"href":"https:\/\/linitiative.ca\/International\/wp-json\/wp\/v2\/posts"}],"about":[{"href":"https:\/\/linitiative.ca\/International\/wp-json\/wp\/v2\/types\/post"}],"author":[{"embeddable":true,"href":"https:\/\/linitiative.ca\/International\/wp-json\/wp\/v2\/users\/1788"}],"replies":[{"embeddable":true,"href":"https:\/\/linitiative.ca\/International\/wp-json\/wp\/v2\/comments?post=112933"}],"version-history":[{"count":0,"href":"https:\/\/linitiative.ca\/International\/wp-json\/wp\/v2\/posts\/112933\/revisions"}],"wp:attachment":[{"href":"https:\/\/linitiative.ca\/International\/wp-json\/wp\/v2\/media?parent=112933"}],"wp:term":[{"taxonomy":"category","embeddable":true,"href":"https:\/\/linitiative.ca\/International\/wp-json\/wp\/v2\/categories?post=112933"},{"taxonomy":"post_tag","embeddable":true,"href":"https:\/\/linitiative.ca\/International\/wp-json\/wp\/v2\/tags?post=112933"}],"curies":[{"name":"wp","href":"https:\/\/api.w.org\/{rel}","templated":true}]}}