{"id":112939,"date":"2021-03-11T05:08:18","date_gmt":"2021-03-11T10:08:18","guid":{"rendered":"https:\/\/linitiative.ca\/International\/declassification-darchives-francaises-sur-la-guerre-de-liberation-des-historiens-algeriens-saluent-lannonce-de-macron\/"},"modified":"2021-03-11T05:08:18","modified_gmt":"2021-03-11T10:08:18","slug":"declassification-darchives-francaises-sur-la-guerre-de-liberation-des-historiens-algeriens-saluent-lannonce-de-macron","status":"publish","type":"post","link":"https:\/\/linitiative.ca\/International\/declassification-darchives-francaises-sur-la-guerre-de-liberation-des-historiens-algeriens-saluent-lannonce-de-macron\/","title":{"rendered":"D\u00e9classification d\u2019archives fran\u00e7aises sur la Guerre de lib\u00e9ration : Des historiens alg\u00e9riens saluent l\u2019annonce de Macron"},"content":{"rendered":"<h4 class=\"title-14\"\/>\n<div class=\"featured_image\"><img loading=\"lazy\" decoding=\"async\" width=\"850\" height=\"568\" src=\"https:\/\/www.elwatan.com\/wp-content\/uploads\/2021\/03\/archives.gif\" class=\"attachment-post-thumbnail size-post-thumbnail wp-post-image\" alt=\"\"\/> <span class=\"featured-image-caption\">Photo : D. R.<\/span><\/div>\n<p class=\"p4\"><em><strong><span class=\"s3\">D<\/span><span class=\"s3\">es historiens alg\u00e9riens, qui ont salu\u00e9 l\u2019annonce du pr\u00e9sident fran\u00e7ais de faciliter de l\u2019acc\u00e8s aux archives classifi\u00e9es de plus de 50 ans, notamment celles sur la Guerre de lib\u00e9ration, ont d\u00e9plor\u00e9 les difficult\u00e9s d\u2019acc\u00e8s aux archives en Alg\u00e9rie.<\/span><\/strong><\/em><\/p>\n<p class=\"p4\"><span class=\"s3\">\u00a0<em>\u00abToute ouverture d\u2019archives est \u00e0 accueillir positivement\u00bb<\/em>, a affirm\u00e9 Fouad Soufi, historien\u00a0et chercheur associ\u00e9 au Crasc, joint hier par t\u00e9l\u00e9phone. Emmanuel Macron \u00ab\u00a0<em>a pris la d\u00e9cision de permettre aux services d\u2019archives de proc\u00e9der d\u00e8s demain (hier, ndlr) aux d\u00e9classifications des documents couverts par le secret de la D\u00e9fense nationale (\u2026) jusqu\u2019aux dossiers de l\u2019ann\u00e9e 1970 incluse\u00bb,<\/em> a annonc\u00e9, avant-hier, l\u2019Elys\u00e9e.<\/span><\/p>\n<p class=\"p4\"><span class=\"s3\">Avant cette annonce, les historiens alg\u00e9riens et fran\u00e7ais avaient de plus en plus de mal \u00e0 consulter les archives datant de 1934 \u00e0 1970, a d\u00e9plor\u00e9 notre interlocuteur. \u00ab<em>Le pr\u00e9sident fran\u00e7ais est revenu \u00e0 la loi de 2018. Il a remis les pendules \u00e0 l\u2019heure, y compris pour les documents class\u00e9s \u2018\u2018secret-d\u00e9fense<\/em>\u2019\u2019 <em>de plus de 50 ans. Mais, cela ne veut pas dire que toutes les archives seront ouvertes. Il faut tout lire pi\u00e8ce par pi\u00e8ce<\/em>\u00bb, a ajout\u00e9 Soufi.<\/span><\/p>\n<p class=\"p4\"><span class=\"s3\">Les archives fran\u00e7aises d\u00e9classifi\u00e9es sur la Guerre de lib\u00e9ration \u00ab<em>ne<\/em> <em>seront consultables qu\u2019en 2022<\/em>\u00bb, en raison des lenteurs dans la<span class=\"Apple-converted-space\">\u00a0<\/span> proc\u00e9dure de la lev\u00e9e du secret-d\u00e9fense, a relev\u00e9 Fouad Soufi. Quid du contenu des archives d\u00e9classifi\u00e9es\u00a0? \u00ab<em>Elles peuvent concern\u00e9es tout ce qui rel\u00e8ve des op\u00e9rations extra-Etat. Cela pourrait \u00eatre aussi des op\u00e9rations militaires et de la police. Dans le cas des essais nucl\u00e9aires fran\u00e7ais dans le Sud alg\u00e9rien, on pourrait pet-\u00eatre savoir leurs cons\u00e9quences. Le secret de la fabrication de la bombe ne sera pas en revanche ouvert au public<\/em>\u00bb, a estim\u00e9 Fouad Soufi<em>.<\/em><\/span><\/p>\n<p class=\"p4\"><span class=\"s3\">Ce drenier qui a, par ailleurs, \u00e9voqu\u00e9 des difficult\u00e9s d\u2019acc\u00e8s aux archives en Alg\u00e9rie, a d\u00e9plor\u00e9 la \u00ab<em>fermeture<\/em>\u00bb des services des Archives nationales, notamment ceux des trois grandes wilayas. \u00ab<em>L\u2019Etat alg\u00e9rien doit se pencher sur ce probl\u00e8me<\/em>\u00bb, a plaid\u00e9 Soufi. Pour sa part, l\u2019historien Amar Mohand-Amer a aussi salu\u00e9 l\u2019annonce de la d\u00e9classification d\u2019archives fran\u00e7aises sur la Guerre de lib\u00e9ration, comme le pr\u00e9conisait le rapport de l\u2019historien Benjamin Stora.<\/span><\/p>\n<p class=\"p4\"><span class=\"s3\">\u00ab<em>Tout ce qui concourt \u00e0 faciliter l\u2019acc\u00e8s aux archives et tout ce qui favorise la connaissance et la recherche est le bienvenu<\/em>.<span class=\"Apple-converted-space\">\u00a0<\/span> <em>Ces archives sont importantes pour la simple raison que des fonds immenses d\u2019archives, qui nous concernent en tant qu\u2019Alg\u00e9riens, se trouvent en France, et il est important, pour nos citoyens, que la recherche historique puisse b\u00e9n\u00e9ficier de ces fonds. Cette d\u00e9cision est b\u00e9n\u00e9fique<\/em>\u00bb, a-t-il soulign\u00e9, notant que ces archives qui seront d\u00e9classifi\u00e9es vont \u00ab<em>booster<\/em>\u00bb la recherche historique en Alg\u00e9rie.<\/span><\/p>\n<p class=\"p4\"><span class=\"s3\">A titre d\u2019exemple, ces archives \u00ab<em>vont nous permettre d\u2019approfondir notre connaissance sur des faits, des personnages, des politiques, des strat\u00e9gies, pendant la guerre et apr\u00e8s la guerre de lib\u00e9ration<\/em>\u00bb, a expliqu\u00e9 Amar Mohand-Amer, relevant qu\u2019il \u00ab<em>n\u2019y a presque pas de travaux historiques sur la p\u00e9riode de la 1<sup>re<\/sup> d\u00e9cennie post-ind\u00e9pendance<\/em>\u00bb.<\/span><\/p>\n<p class=\"p5\"><span class=\"s3\">Ceci dit, Amar Mohand-Amer a plaid\u00e9 en faveur d\u2019une strat\u00e9gie de recherche s\u2019agissant des archives. \u00ab<em>Cela<span class=\"Apple-converted-space\">\u00a0<\/span> ne sert \u00e0 rien que ces archives soient accessibles, si des centaines de chercheurs alg\u00e9riens ne puissent pas y acc\u00e9der. Pour aller en France, il y a de vrais probl\u00e8mes<\/em>\u00a0: <em>la non-ma\u00eetrise de la langue fran\u00e7aise par beaucoup de nos chercheurs, les probl\u00e8mes administratifs dont les visas et les probl\u00e8mes logistiques, car le travail sur les archives prend des mois et des mois. Il ne faut pas dissocier l\u2019ouverture de ces archives avec l\u2019environnement de la recherche. Il faut passer \u00e0<\/em> <em>une v\u00e9ritable strat\u00e9gie de recherche s\u2019agissant des archives conserv\u00e9es en Alg\u00e9rie, en France et ailleurs<\/em>\u00bb, a insist\u00e9 notre interlocuteur.<\/span><\/p>\n<p class=\"p5\"><span class=\"s3\">Comme Fouad Soufi, Amar Mohand-Amer s\u2019est dit <strong><em>\u00ab<\/em><\/strong><em>triste\u00bb<\/em> par rapport \u00e0 la situation des Archives en Alg\u00e9rie. <em>\u00abIl n\u2019y a aucune strat\u00e9gie s\u00e9rieuse concernant les archives en Alg\u00e9rie. Nous sommes dans le bricolage, l\u2019opacit\u00e9 et la r\u00e9tention\u00bb<\/em>, a-t-il d\u00e9nonc\u00e9.<\/span><\/p>\n<p><span class=\"post-views-label\">Post Views:<\/span> <span class=\"post-views-count\">447<\/span><\/p>\n<p><br class=\"c2\"\/><\/p>\n<div class=\"ichhar-moneytagnative c4\" id=\"ichhar-1826871053\">\n<p>Advertisements<\/p>\n<\/div>\n<p><br class=\"c2\"\/><br \/>\n<br class=\"c5\"\/><\/p>\n<p>Auteur: Anis Khecheba<br \/>\n<a href=\"https:\/\/www.elwatan.com\/edition\/actualite\/des-historiens-algeriens-saluent-lannonce-de-macron-11-03-2021\">Cliquez ici pour lire l&rsquo;article depuis sa source.<\/a><\/p>\n","protected":false},"excerpt":{"rendered":"<p>Photo : D. R. Des historiens alg\u00e9riens, qui ont salu\u00e9 l\u2019annonce du pr\u00e9sident fran\u00e7ais de faciliter de l\u2019acc\u00e8s aux archives classifi\u00e9es de plus de 50 ans, notamment celles sur la Guerre de lib\u00e9ration, ont d\u00e9plor\u00e9 les difficult\u00e9s d\u2019acc\u00e8s aux archives en Alg\u00e9rie. \u00a0\u00abToute ouverture d\u2019archives est \u00e0 accueillir positivement\u00bb, a affirm\u00e9 Fouad Soufi, historien\u00a0et chercheur [&hellip;]<\/p>\n","protected":false},"author":1743,"featured_media":0,"comment_status":"closed","ping_status":"closed","sticky":false,"template":"","format":"standard","meta":{"fifu_image_url":"https:\/\/www.elwatan.com\/wp-content\/uploads\/2021\/03\/archives.gif","fifu_image_alt":"D\u00e9classification d\u2019archives fran\u00e7aises sur la Guerre de lib\u00e9ration : Des historiens alg\u00e9riens saluent l\u2019annonce de Macron","footnotes":""},"categories":[73,53],"tags":[],"class_list":["post-112939","post","type-post","status-publish","format-standard","hentry","category-actualite","category-algerie"],"_links":{"self":[{"href":"https:\/\/linitiative.ca\/International\/wp-json\/wp\/v2\/posts\/112939","targetHints":{"allow":["GET"]}}],"collection":[{"href":"https:\/\/linitiative.ca\/International\/wp-json\/wp\/v2\/posts"}],"about":[{"href":"https:\/\/linitiative.ca\/International\/wp-json\/wp\/v2\/types\/post"}],"author":[{"embeddable":true,"href":"https:\/\/linitiative.ca\/International\/wp-json\/wp\/v2\/users\/1743"}],"replies":[{"embeddable":true,"href":"https:\/\/linitiative.ca\/International\/wp-json\/wp\/v2\/comments?post=112939"}],"version-history":[{"count":0,"href":"https:\/\/linitiative.ca\/International\/wp-json\/wp\/v2\/posts\/112939\/revisions"}],"wp:attachment":[{"href":"https:\/\/linitiative.ca\/International\/wp-json\/wp\/v2\/media?parent=112939"}],"wp:term":[{"taxonomy":"category","embeddable":true,"href":"https:\/\/linitiative.ca\/International\/wp-json\/wp\/v2\/categories?post=112939"},{"taxonomy":"post_tag","embeddable":true,"href":"https:\/\/linitiative.ca\/International\/wp-json\/wp\/v2\/tags?post=112939"}],"curies":[{"name":"wp","href":"https:\/\/api.w.org\/{rel}","templated":true}]}}