{"id":112941,"date":"2021-03-11T05:09:42","date_gmt":"2021-03-11T10:09:42","guid":{"rendered":"https:\/\/linitiative.ca\/International\/le-general-bouazza-devant-le-tribunal-militaire-le-30-mars\/"},"modified":"2021-03-11T05:09:42","modified_gmt":"2021-03-11T10:09:42","slug":"le-general-bouazza-devant-le-tribunal-militaire-le-30-mars","status":"publish","type":"post","link":"https:\/\/linitiative.ca\/International\/le-general-bouazza-devant-le-tribunal-militaire-le-30-mars\/","title":{"rendered":"Le g\u00e9n\u00e9ral Bouazza devant le tribunal militaire le 30 mars"},"content":{"rendered":"<h4 class=\"title-14\">Alors qu\u2019il fait l\u2019objet d\u2019une troisi\u00e8me affaire criminelle en instruction<\/h4>\n<div class=\"featured_image\"><img loading=\"lazy\" decoding=\"async\" width=\"425\" height=\"305\" src=\"https:\/\/www.elwatan.com\/wp-content\/uploads\/2021\/03\/arton24286.gif\" class=\"attachment-post-thumbnail size-post-thumbnail wp-post-image\" alt=\"\"\/> <span class=\"featured-image-caption\">Wassini Bouazza &#8211; Photo : D. R.<\/span><\/div>\n<p class=\"p1\"><span class=\"s1\"><strong>L\u2019ancien patron de la S\u00e9curit\u00e9 int\u00e9rieure, le g\u00e9n\u00e9ral Wassini Bouazza, sera d\u00e9f\u00e9r\u00e9 le 30 mars devant le tribunal militaire de Blida. Il s\u2019agit de la deuxi\u00e8me affaire, li\u00e9e \u00e0 quatre griefs correctionnels, pour laquelle il est poursuivi, en attendant que l\u2019enqu\u00eate judiciaire relative \u00e0 des faits en lien avec l\u2019\u00e9lection pr\u00e9sidentielle de d\u00e9cembre 2019 s\u2019ach\u00e8ve.<\/strong><\/span><\/p>\n<p class=\"p1\"><span class=\"s1\"><strong>L<\/strong><\/span><span class=\"s1\">\u2019ex-directeur g\u00e9n\u00e9ral de la S\u00e9curit\u00e9 int\u00e9rieure, le g\u00e9n\u00e9ral Wassini Bouazza, compara\u00eetra, le 30 mars, devant le tribunal militaire de Blida, pour quatre nouvelles accusations, \u00abnon-respect des consignes militaires\u00bb, \u00abtrafic d\u2019influence\u00bb, \u00abenrichissement illicite\u00bb et \u00abentrave au travail de la justice\u00bb.<\/span><\/p>\n<p class=\"p4\"><span class=\"s1\">Pour ce dernier grief, il est question \u00abd\u2019interf\u00e9rence\u00bb de l\u2019ancien patron de la DGSI dans l\u2019enqu\u00eate judiciaire, li\u00e9e \u00e0 l\u2019ex-patron de la police Abdelghani Hamel, \u00e0 travers son \u00abintervention\u00bb aupr\u00e8s du parquet g\u00e9n\u00e9ral pr\u00e8s la cour d\u2019Alger et de la Cour supr\u00eame, pour permettre \u00e0 la fille de l\u2019ex-Directeur g\u00e9n\u00e9ral de la S\u00fbret\u00e9 nationale de b\u00e9n\u00e9ficier de la libert\u00e9 provisoire et de quitter la prison, apr\u00e8s avoir \u00e9t\u00e9 plac\u00e9e sous mandat de d\u00e9p\u00f4t par le juge d\u2019instruction pr\u00e8s le tribunal de Sidi M\u2019hamed, dans le cadre de l\u2019enqu\u00eate sur l\u2019affaires des \u00abindus avantages\u00bb (des biens fonciers et immobiliers) octroy\u00e9s \u00e0 l\u2019\u00e9pouse et aux trois enfants de Hamel.<\/span><\/p>\n<p class=\"p4\"><span class=\"s1\">Le g\u00e9n\u00e9ral Bouazza sera jug\u00e9 avec deux autres officiers de ses services, l\u2019ancien chef de la s\u00e9curit\u00e9 int\u00e9rieure pour Alger, le colonel A\u00eft Amara, dit Yacine, et l\u2019ex-directeur des enqu\u00eates judiciaires, d\u00e9j\u00e0 poursuivi par le tribunal militaire de Blida dans le cadre du dossier du g\u00e9n\u00e9ral Bachir Tartag, ex-coordinateur des services de renseignement militaires, et li\u00e9 aux fonds (argent et bijoux) saisis au domicile de M<sup>me<\/sup> Maya, de son vrai nom, Zoulikha Nachin\u00e8che, pr\u00e9tendue fille cach\u00e9e du Pr\u00e9sident d\u00e9chu.<\/span><\/p>\n<p class=\"p4\"><span class=\"s1\">Ce proc\u00e8s est le deuxi\u00e8me du g\u00e9n\u00e9ral Bouazza apr\u00e8s celui de mars 2020, \u00e0 l\u2019issue duquel il a \u00e9t\u00e9 condamn\u00e9 \u00e0 une peine de 8 ans de prison ferme pour \u00abfaux et usage de faux\u00bb, \u00abatteinte \u00e0 corps constitu\u00e9\u00bb, \u00abd\u00e9tention d\u2019arme \u00e0 feu et de munitions de type 4\u00bb, confirm\u00e9e quatre mois plus tard par la cour d\u2019appel criminelle militaire de Blida. Mais, c\u2019est le troisi\u00e8me dossier actuellement en instruction aupr\u00e8s du tribunal militaire de Blida qui risque de peser lourdement sur le sort de l\u2019homme fort du d\u00e9funt chef d\u2019\u00e9tat-major de l\u2019Anp, Ahmed Ga\u00efd Salah, d\u2019autant que le magistrat militaire instructeur a qualifi\u00e9 des faits d\u2019actes criminels, pr\u00e9cisent nos sources.<\/span><\/p>\n<p class=\"p4\"><span class=\"s1\">Il s\u2019agit de ses \u00abinterf\u00e9rences\u00bb dans le processus de l\u2019\u00e9lection pr\u00e9sidentielle du 12 d\u00e9cembre 2019, en jouant la carte de l\u2019ex-ministre de la Culture, Azzedine Mihoubi, au d\u00e9triment des autres candidats. Des consignes avaient \u00e9t\u00e9 donn\u00e9es \u00e0 de nombreux walis, qui ont mis le paquet, financi\u00e8rement, humainement, mat\u00e9riellement et m\u00e9diatiquement pour booster la candidature de l\u2019ex-secr\u00e9taire g\u00e9n\u00e9ral du RND. Des actes que la justice militaire a qualifi\u00e9s d\u2019\u00abentraves \u00e0 l\u2019op\u00e9ration \u00e9lectorale\u00bb, \u00abnon-respect des consignes militaires\u00bb et \u00abtrafic d\u2019influence\u00bb.<\/span><\/p>\n<p class=\"p5\"><strong><span class=\"s1\">Campagne m\u00e9diatique \u00e0 travers les r\u00e9seaux sociaux<\/span><\/strong><\/p>\n<p class=\"p4\"><span class=\"s1\">A ces derniers s\u2019ajoutent d\u2019autres griefs<span class=\"Apple-converted-space\">\u00a0<\/span> li\u00e9s \u00e0 la campagne m\u00e9diatique que le g\u00e9n\u00e9ral Bouazza est accus\u00e9 d\u2019avoir men\u00e9e \u00e0 travers les r\u00e9seaux sociaux en recourant \u00e0 une arm\u00e9e de mouches \u00e9lectroniques, tant\u00f4t pour discr\u00e9diter le mouvement de contestation populaire, tant\u00f4t pour s\u2019attaquer \u00e0 des figures embl\u00e9matiques du hirak ou \u00e0 des personnalit\u00e9s politiques et tant\u00f4t pour diviser les rangs de ce dernier. En bref, des faits qualifi\u00e9s de \u00abnon-respect des consignes militaires\u00bb et \u00abdiffusion d\u2019informations class\u00e9es secret militaire\u00bb et qui tombent sous le coup du tribunal criminel.<\/span><\/p>\n<p class=\"p4\"><span class=\"s1\">C\u2019est dire que la chute du g\u00e9n\u00e9ral Bouazza, apr\u00e8s une ascension fulgurante, est fracassante.<\/span> <span class=\"s1\">Il y a quelques ann\u00e9es, rien ne le pr\u00e9disposait \u00e0 un poste aussi strat\u00e9gique et aussi puissant. Il avait pass\u00e9 la plus grande partie de sa carri\u00e8re au service de l\u2019infrastructure au sein du commandement des forces de d\u00e9fense a\u00e9rienne du territoire, avant d\u2019\u00eatre promu directeur de l\u2019infrastructure militaire.<\/span><\/p>\n<p class=\"p4\"><span class=\"s1\">Un poste strat\u00e9gique aussi bien pour l\u2019argent, \u00e0 travers les budgets colossaux allou\u00e9s aux nombreux programmes d\u2019investissement pour les \u00e9quipements et les infrastructures militaires consacr\u00e9s par le minist\u00e8re de la D\u00e9fense, mais aussi au r\u00e9seau des hommes d\u2019affaires, des soci\u00e9t\u00e9s et des entrepreneurs, notamment dans le domaine du b\u00e2timent et des travaux publics. Du coup, Bouazza devient l\u2019incontournable officier et l\u2019un des plus inform\u00e9s sur les hommes d\u2019affaires, notamment ceux qui gravitaient autour du fr\u00e8re cadet et conseiller du Pr\u00e9sident d\u00e9chu.<\/span><\/p>\n<p class=\"p4\"><span class=\"s1\">D\u00e8s la d\u00e9mission de ce dernier sous la pression de la contestation de la rue, Wassini est promu \u00e0 la t\u00eate de la S\u00e9curit\u00e9 int\u00e9rieure, et devient l\u2019homme le plus puissant de feu Ga\u00efd Salah, qui en fait d\u2019ailleurs son \u00abbras arm\u00e9\u00bb pour mettre en prison tous ceux qui \u00e9taient dans le premier cercle du r\u00e9gime de Bouteflika, \u00e0 commencer par le fr\u00e8re de ce dernier, les deux Premiers ministres, Ahmed Ouyahia et Abdelmalek Sellal, de nombreux ministres, hommes d\u2019affaires, d\u00e9put\u00e9s, mais aussi l\u2019ancien patron du DRS, le g\u00e9n\u00e9ral Toufik, et des officiers sup\u00e9rieurs en activit\u00e9, dont des chefs de forces.<\/span><\/p>\n<p class=\"p4\"><span class=\"s1\">D\u00e8s la mort de Ga\u00efd Salah, apr\u00e8s l\u2019\u00e9lection pr\u00e9sidentielle du 12 d\u00e9cembre 2019, le g\u00e9n\u00e9ral entame sa descente en enfer, d\u2019abord par son arrestation muscl\u00e9e par les officiers de la direction de la s\u00e9curit\u00e9 de l\u2019arm\u00e9e au si\u00e8ge du minist\u00e8re de la D\u00e9fense, alors qu\u2019il \u00e9tait convi\u00e9 \u00e0 une r\u00e9union de travail. C\u2019\u00e9tait en avril 2020. D\u00e9f\u00e9r\u00e9 devant le tribunal militaire, il a \u00e9t\u00e9 plac\u00e9 sous mandat de d\u00e9p\u00f4t.<\/span><\/p>\n<p><span class=\"post-views-label\">Post Views:<\/span> <span class=\"post-views-count\">3\u00a0197<\/span><\/p>\n<p><br class=\"c2\"\/><\/p>\n<div class=\"ichhar-moneytagnative c4\" id=\"ichhar-2064096865\">\n<p>Advertisements<\/p>\n<\/div>\n<p><br class=\"c2\"\/><br \/>\n<br class=\"c5\"\/><\/p>\n<p>Auteur: Anis Khecheba<br \/>\n<a href=\"https:\/\/www.elwatan.com\/edition\/actualite\/le-general-bouazza-devant-le-tribunal-militaire-le-30-mars-11-03-2021\">Cliquez ici pour lire l&rsquo;article depuis sa source.<\/a><\/p>\n","protected":false},"excerpt":{"rendered":"<p>Alors qu\u2019il fait l\u2019objet d\u2019une troisi\u00e8me affaire criminelle en instruction Wassini Bouazza &#8211; Photo : D. R. L\u2019ancien patron de la S\u00e9curit\u00e9 int\u00e9rieure, le g\u00e9n\u00e9ral Wassini Bouazza, sera d\u00e9f\u00e9r\u00e9 le 30 mars devant le tribunal militaire de Blida. Il s\u2019agit de la deuxi\u00e8me affaire, li\u00e9e \u00e0 quatre griefs correctionnels, pour laquelle il est poursuivi, en [&hellip;]<\/p>\n","protected":false},"author":1743,"featured_media":0,"comment_status":"closed","ping_status":"closed","sticky":false,"template":"","format":"standard","meta":{"fifu_image_url":"https:\/\/www.elwatan.com\/wp-content\/uploads\/2021\/03\/arton24286.gif","fifu_image_alt":"Le g\u00e9n\u00e9ral Bouazza devant le tribunal militaire le 30 mars","footnotes":""},"categories":[73,53],"tags":[],"class_list":["post-112941","post","type-post","status-publish","format-standard","hentry","category-actualite","category-algerie"],"_links":{"self":[{"href":"https:\/\/linitiative.ca\/International\/wp-json\/wp\/v2\/posts\/112941","targetHints":{"allow":["GET"]}}],"collection":[{"href":"https:\/\/linitiative.ca\/International\/wp-json\/wp\/v2\/posts"}],"about":[{"href":"https:\/\/linitiative.ca\/International\/wp-json\/wp\/v2\/types\/post"}],"author":[{"embeddable":true,"href":"https:\/\/linitiative.ca\/International\/wp-json\/wp\/v2\/users\/1743"}],"replies":[{"embeddable":true,"href":"https:\/\/linitiative.ca\/International\/wp-json\/wp\/v2\/comments?post=112941"}],"version-history":[{"count":0,"href":"https:\/\/linitiative.ca\/International\/wp-json\/wp\/v2\/posts\/112941\/revisions"}],"wp:attachment":[{"href":"https:\/\/linitiative.ca\/International\/wp-json\/wp\/v2\/media?parent=112941"}],"wp:term":[{"taxonomy":"category","embeddable":true,"href":"https:\/\/linitiative.ca\/International\/wp-json\/wp\/v2\/categories?post=112941"},{"taxonomy":"post_tag","embeddable":true,"href":"https:\/\/linitiative.ca\/International\/wp-json\/wp\/v2\/tags?post=112941"}],"curies":[{"name":"wp","href":"https:\/\/api.w.org\/{rel}","templated":true}]}}