{"id":112944,"date":"2021-03-11T03:17:00","date_gmt":"2021-03-11T08:17:00","guid":{"rendered":"https:\/\/linitiative.ca\/International\/levee-du-sit-in-du-pdl-pourquoi-les-partis-dits-democratiques-se-sont-mures-dans-le-silence\/"},"modified":"2021-03-11T03:17:00","modified_gmt":"2021-03-11T08:17:00","slug":"levee-du-sit-in-du-pdl-pourquoi-les-partis-dits-democratiques-se-sont-mures-dans-le-silence","status":"publish","type":"post","link":"https:\/\/linitiative.ca\/International\/levee-du-sit-in-du-pdl-pourquoi-les-partis-dits-democratiques-se-sont-mures-dans-le-silence\/","title":{"rendered":"Lev\u00e9e du sit in du PDL : pourquoi les partis dits d\u00e9mocratiques  se sont mur\u00e9s dans  le silence ?"},"content":{"rendered":"<p>Le sit in observ\u00e9 par le Parti Destourien Libre devant les locaux de l&rsquo;association des ul\u00e9mas musulmans pour protester contre l&rsquo;installation de cette association a \u00e9t\u00e9 lev\u00e9 tard dans la soir\u00e9e du mercredi par les forces de s\u00e9curit\u00e9. Pour faire bonne mesure, on a \u00e9galement lev\u00e9 celui de la coalition El Karama.<\/p>\n<p>Mais l&rsquo;affaire n&rsquo;est pas pr\u00e8s de conna\u00eetre son \u00e9pilogue car elle soul\u00e8ve une foultitude de questions notamment: pourquoi a-t-on permis \u00e0 cette association islamiste dont le chef, le sulfureux Karadhaoui est connu notamment pour ses positions extr\u00eamistes et sa proximit\u00e9 des jihadistes, de s&rsquo;installer en Tunisie ? Pourquoi Ennadha a tenu a-t-elle d\u00e9p\u00each\u00e9 au boulevard Kheireddine Bacha et une d\u00e9l\u00e9gation de la coalition Al Karama, connue pour \u00eatre l&rsquo;\u00e9x\u00e9cutrice des basses oeuvres de ce mouvement, devant le si\u00e8ge de l&rsquo;association, malgr\u00e9 les risques de cvonfrontations qui pouvaient survenir avec le PDL (ce fut le cas ces derniers jours) ? Pourquoi les partis dits d\u00e9mocratiques ont-ils observ\u00e9 le silence alors qu&rsquo;ils d\u00e9fendent les m\u00eames valeurs que ce parti, notamment le caract\u00e8re civil de l&rsquo;Etat tunisien ?\u00a0 \u00a0 \u00a0<\/p>\n<p>Auteur:<br \/>\n<a href=\"https:\/\/www.leaders.com.tn\/article\/31560-levee-du-sit-in-du-pdl-pourquoi-les-partis-dits-democratiques-se-sont-mures-dans-le-silence\">Cliquez ici pour lire l&rsquo;article depuis sa source.<\/a><\/p>\n","protected":false},"excerpt":{"rendered":"<p>Le sit in observ\u00e9 par le Parti Destourien Libre devant les locaux de l&rsquo;association des ul\u00e9mas musulmans pour protester contre l&rsquo;installation de cette association a \u00e9t\u00e9 lev\u00e9 tard dans la soir\u00e9e du mercredi par les forces de s\u00e9curit\u00e9. Pour faire bonne mesure, on a \u00e9galement lev\u00e9 celui de la coalition El Karama. Mais l&rsquo;affaire n&rsquo;est [&hellip;]<\/p>\n","protected":false},"author":1772,"featured_media":0,"comment_status":"closed","ping_status":"closed","sticky":false,"template":"","format":"standard","meta":{"fifu_image_url":"","fifu_image_alt":"","footnotes":""},"categories":[73,55],"tags":[],"class_list":["post-112944","post","type-post","status-publish","format-standard","hentry","category-actualite","category-tunisie"],"_links":{"self":[{"href":"https:\/\/linitiative.ca\/International\/wp-json\/wp\/v2\/posts\/112944","targetHints":{"allow":["GET"]}}],"collection":[{"href":"https:\/\/linitiative.ca\/International\/wp-json\/wp\/v2\/posts"}],"about":[{"href":"https:\/\/linitiative.ca\/International\/wp-json\/wp\/v2\/types\/post"}],"author":[{"embeddable":true,"href":"https:\/\/linitiative.ca\/International\/wp-json\/wp\/v2\/users\/1772"}],"replies":[{"embeddable":true,"href":"https:\/\/linitiative.ca\/International\/wp-json\/wp\/v2\/comments?post=112944"}],"version-history":[{"count":0,"href":"https:\/\/linitiative.ca\/International\/wp-json\/wp\/v2\/posts\/112944\/revisions"}],"wp:attachment":[{"href":"https:\/\/linitiative.ca\/International\/wp-json\/wp\/v2\/media?parent=112944"}],"wp:term":[{"taxonomy":"category","embeddable":true,"href":"https:\/\/linitiative.ca\/International\/wp-json\/wp\/v2\/categories?post=112944"},{"taxonomy":"post_tag","embeddable":true,"href":"https:\/\/linitiative.ca\/International\/wp-json\/wp\/v2\/tags?post=112944"}],"curies":[{"name":"wp","href":"https:\/\/api.w.org\/{rel}","templated":true}]}}