{"id":112946,"date":"2021-03-11T10:00:00","date_gmt":"2021-03-11T15:00:00","guid":{"rendered":"https:\/\/linitiative.ca\/International\/tunisie-abir-moussi-a-lassaut-du-ciel\/"},"modified":"2021-03-11T10:00:00","modified_gmt":"2021-03-11T15:00:00","slug":"tunisie-abir-moussi-a-lassaut-du-ciel","status":"publish","type":"post","link":"https:\/\/linitiative.ca\/International\/tunisie-abir-moussi-a-lassaut-du-ciel\/","title":{"rendered":"Tunisie: Abir Moussi \u00e0 l\u2019assaut du ciel"},"content":{"rendered":"<p><span class=\"c2\"><em><strong><img decoding=\"async\" src=\"\/uploads\/FCK_files\/Abdelhamid-Largache(5).jpg\" alt=\"\" width=\"20%\" vspace=\"5\" hspace=\"5\" align=\"left\"\/>Par Abdelhamid Largueche &#8211;<\/strong><\/em><\/span> Avec le d\u00e9nouement tragique de la bataille engag\u00e9e par le PDL contre la branche\u00a0\u00a0 tunisienne de l\u2019organisation fondamentaliste de Qaradhaoui, c\u2019est une nouvelle \u00e9tape de la confrontation politique ouverte dans le pays qui est franchie.<\/p>\n<p>D\u00e9sormais, Abir Moussi place de nouveau la ligne de d\u00e9marcation et le clivage sur le terrain soci\u00e9tal apr\u00e8s avoir mis \u00e0 nu les carences du syst\u00e8me politique \u00e9tabli depuis 2011 par la volont\u00e9 des islamistes et de leurs alli\u00e9s.<\/p>\n<p>Beaucoup ont cru que la h\u00e2che de guerre id\u00e9ologique fut enterr\u00e9e entre Tunisiens depuis que la Constitution de 2014 a d\u00e9fini les fondamentaux de ce que veut dire \u00eatre tunisien \u00e0 notre \u00e9poque. Mais apparemment, rien n\u2019est jamais d\u00e9finitivement r\u00e9solu par les textes, quelle que soit la teneur des principes \u00e9nonc\u00e9s.<\/p>\n<p>Cette nouvelle donne ne fait qu\u2019aggraver les choses : crise politique, doubl\u00e9e d\u2019une crise \u00e9conomique ouverte sur toutes les d\u00e9rives, mont\u00e9e des populismes contreproductifs jusqu\u2019au plus haut sommet politique de l\u2019Etat, affaissement de l\u2019autorit\u00e9 publique, crise sanitaire \u00ab banalis\u00e9e \u00bb par l\u2019impuissance manifeste des institutions\u2026etc.<\/p>\n<p>Sommes-nous revenus \u00e0 la case d\u00e9part ? Celle o\u00f9 tout reste \u00e0 refaire ? C\u2019est ce que laissent entendre du moins les discours qui s\u2019affrontent, et dans les situations de crise g\u00e9n\u00e9ralis\u00e9e tout laisse \u00e0 croire que le malaise social et les angoisses des gens se transforment in\u00e9luctablement en question existentielles sur l\u2019avenir incertain des communaut\u00e9s.<\/p>\n<p><span class=\"c3\"><strong>Le p\u00f4le de la col\u00e8re a d\u00e9sormais un chef<br \/><\/strong><\/span><\/p>\n<p>Un p\u00f4le de la col\u00e8re devient in\u00e9vitablement un p\u00f4le de contestation et tend \u00e0 se pr\u00e9senter en p\u00f4le d\u2019alternative lorsqu\u2019il trouve son expression politique et ce p\u00f4le existe bien aujourd\u2019hui et il est repr\u00e9sent\u00e9e par le PDL et son leader de plus en plus charismatique. Ce p\u00f4le voit sa base sociale s\u2019\u00e9largir pour regrouper des franges des classes moyennes fortement touch\u00e9es par la crise, mais aussi nostalgique de l\u2019\u00c9tat fort, redistributeur et s\u00e9curisant que l\u2019on semble avoir perdu depuis plus d\u2019une d\u00e9cennie.<\/p>\n<p>Le projet de soci\u00e9t\u00e9 ouverte grossi\u00e8rement d\u00e9fini autour du p\u00f4le \u00e9lectoral form\u00e9 par Nida Tounis et BCB en 2014 s\u2019est effrit\u00e9 et n\u2019a pu survivre \u00e0 ses propres luttes intestines et \u00e0 l\u2019essoufflement de son vieux chef. Ceux qui ont tent\u00e9 de le reconstruire, victimes de leur propre narcissisme et des illusions perdues, risquent de finir par constater \u00e0 leurs d\u00e9pens que la politique a horreur du vide. Le vide politique laiss\u00e9 par le d\u00e9part de BCB est amplement occup\u00e9 aujourd\u2019hui par un autre chef, aussi charismatique, moins exp\u00e9riment\u00e9 certes, mais plus d\u00e9termin\u00e9e \u00e0 aller jusqu\u2019au bout de son combat : Abir Moussi est la figure f\u00e9minine des espoirs nouveaux. Une figure jeune, combattante, \u00e9loquente et en plus femme de terrain qui sillonne le pays multipliant les appels \u00e0 une nouvelle lib\u00e9ration du pays, fortement inspir\u00e9e par les \u00e9pop\u00e9es du nationalisme tunisien et ses symboles embl\u00e9matiques.<\/p>\n<p>Aura-t-elle suffisamment d\u2019intelligence pour r\u00e9ussir \u00e0 rallier tous les h\u00e9sitants ? l\u2019avenir proche nous le dira, mais elle a montr\u00e9 jusque-l\u00e0 suffisamment de force et de d\u00e9termination pour mettre les bons mots sur les maux dont souffre toute une soci\u00e9t\u00e9.<\/p>\n<p><span class=\"c3\"><strong>Une bataille de trop ? rien n\u2019est si s\u00fbr\u2026<\/strong><\/span><\/p>\n<p>Beaucoup parmi les h\u00e9sitants consid\u00e8rent \u00e0 tort ou \u00e0 raison que Abir Moussi nous fait revenir par son agenda particulier aux moments obscurs des luttes r\u00e9volues sur l\u2019identit\u00e9 et aux menaces sur la paix et la coh\u00e9sion d\u2019une soci\u00e9t\u00e9. Malheureusement, en politique c\u2019est le plus fort qui dicte les priorit\u00e9s et les formes de l\u2019action \u00e0 engager. B\u00e9ji en son temps n\u2019a-t-il pas impos\u00e9 son tempo et sa mani\u00e8re de voir et d\u2019agir, ce qui l\u2019a hiss\u00e9 en un temps record au rang de chef incontest\u00e9 de toute l\u2019opposition. Tout le monde se rappelle du lendemain de l\u2019assassinat de ChokriBelaid, le 6 f\u00e9vrier 2013, lorsque BCB a surpris tout le monde y compris parmi ses partisans, annon\u00e7ant le caract\u00e8re d\u00e9sormais ill\u00e9gitime de l\u2019Assembl\u00e9e Constituante, ainsi que de la fin annonc\u00e9e du r\u00e9gime de la Troika. Le terrain politique se conquiert aussi \u00e0 coup de batailles risqu\u00e9es.<\/p>\n<p>Oser une bataille, vue comme marginale ou secondaire, sur un terrain aussi incertain et glissant comme celui des fondamentaux de la r\u00e9publique, c\u2019est aussi marquer les imaginaires, montrer que les vieux d\u00e9mons sont toujours l\u00e0 et que les tentations du fanatisme et des r\u00e9gressions mena\u00e7ant les femmes n\u2019ont jamais \u00e9t\u00e9 dissoutes dans le creuset des valeurs r\u00e9publicaines. Du coup la bataille acquiert sa dimension symbolique hautement lib\u00e9ratrice. Tout comme le choc violent du 9 avril 2012 sur l\u2019Avenue Bourguiba a redonn\u00e9 toute sa vigueur \u00e0 la valeur comm\u00e9morative des f\u00eates nationales, la fin tragique du Sit-in du PDL sur l\u2019Avenue Kheireddine Pacha marquera de son sceau les m\u00e9moires dans le contexte de d\u00e9senchantement national r\u00e9gnant.<\/p>\n<p>Tout comme ChokriBelaid est devenu, par son martyre pr\u00e9coce, le symbole tragique d\u2019une r\u00e9volution rat\u00e9e, Abir Moussi est en passe de devenir l\u2019ic\u00f4ne de l\u2019espoir renaissant de l\u2019enchantement national.<\/p>\n<p>En politique, on ne peut pas math\u00e9matiser le futur, tellement la part de l\u2019impr\u00e9visible est grande ; l\u2019unique fatalit\u00e9 est celle du moment qui peut condenser toute une histoire. L\u2019Histoire qui se joue en ce moment est bien celle de l\u2019\u00e9mergence d\u2019une nouvelle direction politique face au vieillissement des anciennes \u00e9lites et \u00e0 la maladie incurable du personnel politique occupant la sc\u00e8ne toutes tendances confondues.<\/p>\n<p>Reste que la politique reprendra surement ses droits et sa rationalit\u00e9 avec son jeu interminable d\u2019alliances, de m\u00e9salliances et de tactiques d\u2019\u00e9quilibrisme. Dans ce jeu, les acquis du moment pour les uns peuvent ne pas se d\u00e9cliner en victoires finales. En mati\u00e8re de politique rien n\u2019est d\u00e9finitif, tout est r\u00e9versible. De sa capacit\u00e9 \u00e0 tisser de nouveau les trames d\u2019une convergence possible entre divers acteurs, \u00e0 traduire les angoisses en espoirs, \u00e0 faire revivre un r\u00eave de bien-\u00eatre collectif, d\u00e9pend l\u2019avenir politique de Abir Moussi et du p\u00f4le social et politique qu\u2019elle inspire et fa\u00e7onne.<\/p>\n<p>Il n\u2019y a de crise que celle de l\u2019alternative. Face \u00e0 l\u2019impasse politique d\u2019un syst\u00e8me essouffl\u00e9 et rattrap\u00e9 par ses propres limites, une alternative se construit difficilement par une double remise en cause, une remise en cause radicale du syst\u00e8me politique hybride et boiteux mis en place le lendemain d\u2019une r\u00e9volution incertaine, et une remise en cause plus profonde, celle de toute une classe politique, devenue une n\u00e9o-bureaucratie qui s\u2019est d\u00e9cr\u00e9t\u00e9e d\u00e9positaire de ses id\u00e9aux et de son devenir.<\/p>\n<p>En attendant, Abir Moussi s\u2019envole \u00e0 l\u2019assaut du ciel.<\/p>\n<p class=\"c4\"><strong>Abdelhamid Largueche<\/strong><\/p>\n<p>Auteur:<br \/>\n<a href=\"https:\/\/www.leaders.com.tn\/article\/31562-tunisie-abir-moussi-a-l-assaut-du-ciel\">Cliquez ici pour lire l&rsquo;article depuis sa source.<\/a><\/p>\n","protected":false},"excerpt":{"rendered":"<p>Par Abdelhamid Largueche &#8211; Avec le d\u00e9nouement tragique de la bataille engag\u00e9e par le PDL contre la branche\u00a0\u00a0 tunisienne de l\u2019organisation fondamentaliste de Qaradhaoui, c\u2019est une nouvelle \u00e9tape de la confrontation politique ouverte dans le pays qui est franchie. D\u00e9sormais, Abir Moussi place de nouveau la ligne de d\u00e9marcation et le clivage sur le terrain [&hellip;]<\/p>\n","protected":false},"author":1772,"featured_media":0,"comment_status":"closed","ping_status":"closed","sticky":false,"template":"","format":"standard","meta":{"fifu_image_url":"\/uploads\/FCK_files\/Abdelhamid-Largache(5).jpg","fifu_image_alt":"Tunisie: Abir Moussi \u00e0 l\u2019assaut du ciel","footnotes":""},"categories":[73,55],"tags":[],"class_list":["post-112946","post","type-post","status-publish","format-standard","hentry","category-actualite","category-tunisie"],"_links":{"self":[{"href":"https:\/\/linitiative.ca\/International\/wp-json\/wp\/v2\/posts\/112946","targetHints":{"allow":["GET"]}}],"collection":[{"href":"https:\/\/linitiative.ca\/International\/wp-json\/wp\/v2\/posts"}],"about":[{"href":"https:\/\/linitiative.ca\/International\/wp-json\/wp\/v2\/types\/post"}],"author":[{"embeddable":true,"href":"https:\/\/linitiative.ca\/International\/wp-json\/wp\/v2\/users\/1772"}],"replies":[{"embeddable":true,"href":"https:\/\/linitiative.ca\/International\/wp-json\/wp\/v2\/comments?post=112946"}],"version-history":[{"count":0,"href":"https:\/\/linitiative.ca\/International\/wp-json\/wp\/v2\/posts\/112946\/revisions"}],"wp:attachment":[{"href":"https:\/\/linitiative.ca\/International\/wp-json\/wp\/v2\/media?parent=112946"}],"wp:term":[{"taxonomy":"category","embeddable":true,"href":"https:\/\/linitiative.ca\/International\/wp-json\/wp\/v2\/categories?post=112946"},{"taxonomy":"post_tag","embeddable":true,"href":"https:\/\/linitiative.ca\/International\/wp-json\/wp\/v2\/tags?post=112946"}],"curies":[{"name":"wp","href":"https:\/\/api.w.org\/{rel}","templated":true}]}}