{"id":112948,"date":"2021-03-11T05:00:00","date_gmt":"2021-03-11T10:00:00","guid":{"rendered":"https:\/\/linitiative.ca\/International\/zahir-itinerances\/"},"modified":"2021-03-11T05:00:00","modified_gmt":"2021-03-11T10:00:00","slug":"zahir-itinerances","status":"publish","type":"post","link":"https:\/\/linitiative.ca\/International\/zahir-itinerances\/","title":{"rendered":"Zahir, itin\u00e9rances&#8230;"},"content":{"rendered":"<p class=\"c3\">J&rsquo;ai un tout petit nom. Je m&rsquo;appelle Zahir Boukhelifa. Je suis ce qu&rsquo;on nommerait ou qu&rsquo;on nomme un exil\u00e9. Dans une langue : le fran\u00e7ais.<br \/>J&rsquo;ai quitt\u00e9 ma dechra, il y a trois d\u00e9cennies.\u00a0<br \/>J&rsquo;ai parcouru les routes du monde, la plan\u00e8te.<br \/>Quelques continents<br \/>Aujourd&rsquo;hui, devenu \u00e9crivain et journaliste, j&rsquo;ai ouvert les yeux sur cet univers que l&rsquo;\u00e9cole alg\u00e9rienne m&rsquo;avait cach\u00e9.\u00a0<br \/>Lorsque j&rsquo;ai quitt\u00e9 mon village et l\u2019Alg\u00e9rie, je n&rsquo;avais rien d\u00e9cid\u00e9. J&rsquo;ai d\u00e9barqu\u00e9 en Italie en 1999, en pr\u00e9tendu homme d&rsquo;affaires. Je voulais acheter une raffinerie d&rsquo;huile. J&rsquo;avais 25 ans, je ma\u00eetrisais le kabyle et le fran\u00e7ais. J&rsquo;avais un peu d&rsquo;anglais scolaire.<br \/>Ma premi\u00e8re exp\u00e9rience \u00e0 Rome, c&rsquo;\u00e9tait tout b\u00eate, une tomate mozzarella, sur le lit de tomate on a pos\u00e9 deux petites boules de mozzarella, je les ai prises pour des \u0153ufs durs.\u00a0<br \/>Quand j&rsquo;ai quitt\u00e9 mon village, Ighzer Amokrane, j&rsquo;ai tu\u00e9 mon p\u00e8re symboliquement. Je suis parti sur les routes. En 1995, la Kabylie a appel\u00e9 au boycott scolaire. En ce temps-l\u00e0, j&rsquo;ai \u00e9t\u00e9 arr\u00eat\u00e9 et emprisonn\u00e9. Une fois lib\u00e9r\u00e9, j&rsquo;ai commenc\u00e9 \u00e0 naviguer \u00e0 travers le monde. J&rsquo;ai d\u00e9couvert le monde. L&rsquo;Europe, l&rsquo;Afrique, quelques beaux quartiers de Paris, les plus int\u00e9ressants, quelques provinces fran\u00e7aises les plus vivantes, notamment le bassin sid\u00e9rurgique de Lorraine, puis un quartier nodal, la Courneuve. C&rsquo;est en vivant dans ce quartier que l&rsquo;envie d&rsquo;\u00e9crire est advenue. J&rsquo;y ai v\u00e9cu des histoires humaines\u00a0 formidables. J&rsquo;y ai essay\u00e9 plusieurs m\u00e9tiers, cuisinier, barman, ma\u00e7on, agent de s\u00e9curit\u00e9&#8230;<br \/>J&rsquo;y ai aussi crois\u00e9 l&rsquo;amour et l\u2019amiti\u00e9.\u00a0<br \/>\u00c0 la Courneuve, ce quartier g\u00e9n\u00e9ralement d\u00e9cri\u00e9, notamment pour la cit\u00e9e des 4 000 logements et pour les deals et pour les violences. Il m&rsquo;est arriv\u00e9 de rencontrer des gens \u00e9normes : Idir, Fellag, Izri, Djamel Allam, Ferhat, et un certain nombre de penseurs alg\u00e9riens dont Nabil Fares.\u00a0<br \/>J&rsquo;ai appris, apr\u00e8s avoir fr\u00e9quent\u00e9 les caves de la Courneuve, \u00e0 avoir envie.<br \/>Envie d&rsquo;\u00e9crire. Envie d&rsquo;aimer, je ne me suis pas beaucoup vou\u00e9 aux femmes. J&rsquo;ai une notion de la famille tr\u00e8s vague. Je deviens \u00e9crivain aujourd&rsquo;hui, je viens de publier mon premier roman qui s&rsquo;intitule Noces de laine, au moment o\u00f9 l&rsquo;Alg\u00e9rie s&#8217;embrase avec le Hirak. Mouvement sur lequel je porte un regard tr\u00e8s critique. Je ne suis pas de la m\u00eame g\u00e9n\u00e9ration que les jeunes qui occupent la rue alg\u00e9rienne aujourd\u2019hui. J&rsquo;ai trop vagabond\u00e9.\u00a0<br \/>Je ne donne plus de ch\u00e8que en blanc \u00e0 ceux qui descendent dans les rues. Ils ne colportent que des slogans !<br \/><em><strong>O. M.<\/strong><\/em><\/p>\n<p>Auteur:<br \/>\n<a href=\"https:\/\/www.lesoirdalgerie.com\/contre-poings\/zahir-itinerances-57705\">Cliquez ici pour lire l&rsquo;article depuis sa source.<\/a><\/p>\n","protected":false},"excerpt":{"rendered":"<p>J&rsquo;ai un tout petit nom. Je m&rsquo;appelle Zahir Boukhelifa. Je suis ce qu&rsquo;on nommerait ou qu&rsquo;on nomme un exil\u00e9. Dans une langue : le fran\u00e7ais.J&rsquo;ai quitt\u00e9 ma dechra, il y a trois d\u00e9cennies.\u00a0J&rsquo;ai parcouru les routes du monde, la plan\u00e8te.Quelques continentsAujourd&rsquo;hui, devenu \u00e9crivain et journaliste, j&rsquo;ai ouvert les yeux sur cet univers que l&rsquo;\u00e9cole alg\u00e9rienne [&hellip;]<\/p>\n","protected":false},"author":1741,"featured_media":0,"comment_status":"closed","ping_status":"closed","sticky":false,"template":"","format":"standard","meta":{"fifu_image_url":"","fifu_image_alt":"","footnotes":""},"categories":[73,53],"tags":[],"class_list":["post-112948","post","type-post","status-publish","format-standard","hentry","category-actualite","category-algerie"],"_links":{"self":[{"href":"https:\/\/linitiative.ca\/International\/wp-json\/wp\/v2\/posts\/112948","targetHints":{"allow":["GET"]}}],"collection":[{"href":"https:\/\/linitiative.ca\/International\/wp-json\/wp\/v2\/posts"}],"about":[{"href":"https:\/\/linitiative.ca\/International\/wp-json\/wp\/v2\/types\/post"}],"author":[{"embeddable":true,"href":"https:\/\/linitiative.ca\/International\/wp-json\/wp\/v2\/users\/1741"}],"replies":[{"embeddable":true,"href":"https:\/\/linitiative.ca\/International\/wp-json\/wp\/v2\/comments?post=112948"}],"version-history":[{"count":0,"href":"https:\/\/linitiative.ca\/International\/wp-json\/wp\/v2\/posts\/112948\/revisions"}],"wp:attachment":[{"href":"https:\/\/linitiative.ca\/International\/wp-json\/wp\/v2\/media?parent=112948"}],"wp:term":[{"taxonomy":"category","embeddable":true,"href":"https:\/\/linitiative.ca\/International\/wp-json\/wp\/v2\/categories?post=112948"},{"taxonomy":"post_tag","embeddable":true,"href":"https:\/\/linitiative.ca\/International\/wp-json\/wp\/v2\/tags?post=112948"}],"curies":[{"name":"wp","href":"https:\/\/api.w.org\/{rel}","templated":true}]}}