{"id":112949,"date":"2021-03-11T05:00:00","date_gmt":"2021-03-11T10:00:00","guid":{"rendered":"https:\/\/linitiative.ca\/International\/matoub-8-mars-et-decheance-de-la-nationalite\/"},"modified":"2021-03-11T05:00:00","modified_gmt":"2021-03-11T10:00:00","slug":"matoub-8-mars-et-decheance-de-la-nationalite","status":"publish","type":"post","link":"https:\/\/linitiative.ca\/International\/matoub-8-mars-et-decheance-de-la-nationalite\/","title":{"rendered":"Matoub, 8 Mars et d\u00e9ch\u00e9ance de la nationalit\u00e9"},"content":{"rendered":"<p class=\"c3\">Loun\u00e8s Matoub et Abdelkader Hachani, m\u00eame combat ? Morts pour la m\u00eame cause ? C\u2019est la derni\u00e8re trouvaille de ceux qui font dans le m\u00e9lange des genres. Le combat de Matoub, assassin\u00e9 en juin 1997, contre l\u2019islamisme et pour une Alg\u00e9rie d\u00e9mocratique et plurielle, est connu. Il \u00e9tait aux antipodes d\u2019un Abdelkader Hachani, victime d\u2019une violence qu\u2019il n\u2019a jamais d\u00e9nonc\u00e9e de son vivant. En 1999, il avait pris ses distances avec Abassi Madani dont les appels \u00e0 la tr\u00eave faits aux groupes islamistes \u00ab n&rsquo;engageaient\u00a0 que lui \u00bb, tout en d\u00e9savouant pour la m\u00eame raison Rabah Kebir au motif qu\u2019il ne faisait plus partie de l\u2019ex-FIS !\u00a0<br \/>Si deux ans apr\u00e8s le d\u00e9but du Hirak on en est arriv\u00e9 l\u00e0, c\u2019est parce que des courants d\u00e9mocrates et des figures du Hirak ont permis sans le vouloir cet amalgame \u2014 Matoub et Hachani victimes d\u2019un m\u00eame syst\u00e8me et m\u00eame combat ! \u2013 et, partant, cette r\u00e9cup\u00e9ration politicienne. En effet, ils n\u2019ont cess\u00e9 de louvoyer avec certains principes d\u00e9mocratiques \u2013 l\u2019\u00c9tat de droit par exemple \u2014 qu\u2019ils sont cens\u00e9s incarner, tout en n\u2019\u00e9tant pas clairs sur des sujets aussi essentiels que la responsabilit\u00e9 de l\u2019islamisme dans la d\u00e9cennie noire \u2013 ce qui ne signifie \u00e9videmment pas que le syst\u00e8me n\u2019a pas sa part de responsabilit\u00e9.\u00a0\u00a0<br \/>Faute donc de r\u00e8gles de jeu claires, des revendications telles que l\u2019\u00c9tat de droit, les libert\u00e9s d\u2019expression et de conscience, l\u2019\u00e9galit\u00e9 en droits entre la femme et l\u2019homme, ont \u00e9t\u00e9 quelque peu supplant\u00e9es par le slogan \u00ab \u00c9tat civil et non militaire \u00bb, auquel ont \u00e9t\u00e9 associ\u00e9 des slogans discutables du genre \u00ab Moukhabarate irhabyia \u00bb et \u00ab mafia a\u00e2skaria \u00bb ! Or, si des d\u00e9mocrates avaient scand\u00e9 le fameux \u00ab Ni \u00c9tat policier ni \u00c9tat islamique \u00bb, si cher au regrett\u00e9 Hocine A\u00eft Ahmed, ils auraient \u00e9t\u00e9 accus\u00e9s de diviser le Hirak !\u00a0<br \/>Des segments islamistes, qui n\u2019en demandaient pas tant, sont naturellement ravis de cette tournure. Les voil\u00e0 blanchis de leurs responsabilit\u00e9s sur la d\u00e9cennie noire \u2013 c\u2019\u00e9tait d\u00e9j\u00e0 fait gr\u00e2ce \u00e0 la r\u00e9conciliation nationale de Bouteflika et ce faisant ils consid\u00e8rent qu\u2019ils n\u2019ont rien \u00e0 se reprocher \u2014 avant d\u2019\u00eatre rel\u00e9gitim\u00e9s sans qu\u2019ils renoncent \u00e0 leurs fondamentaux \u2013 un \u00c9tat fond\u00e9 sur la primaut\u00e9 du religieux sur le politique \u2013 puisqu\u2019on ne le leur demande pas.\u00a0<br \/>Ce flou politique s\u2019est encore v\u00e9rifi\u00e9 \u00e0 l\u2019occasion du 8 Mars. Le droit des femmes \u00e0 la citoyennet\u00e9, impliquant l\u2019abolition du code de la famille, est par d\u00e9finition non n\u00e9gociable. Or, tel n\u2019est pas le cas. Cette revendication ne fait pas l\u2019unanimit\u00e9 au sein du Hirak. C\u2019est, dit-on, un sujet qui risque de diviser les rangs du mouvement populaire face au pouvoir ! En Tunisie, quand Ennahdha, avec la complicit\u00e9 de certains d\u00e9mocrates dont Moncef Marzouki, a tent\u00e9 de remettre en cause le statut personnel, les femmes et les progressistes tunisiens ont tenu bon et contraint les islamistes et leurs alli\u00e9s au recul ! En Turquie, la polygamie est interdite par la loi\u2026\u00a0<br \/>Et on assiste ainsi \u00e0 cette \u00e9trange conjonction entre un pouvoir politique qui se contente de gestes symboliques envers les femmes, de franges d\u00e9mocrates se revendiquant des droits de l\u2019Homme alors que le code de la famille est en soi une atteinte aux droits des femmes \u00e0 la citoyennet\u00e9, et cette galaxie islamiste locale ou en exil pour qui les femmes sont l\u00e0 pour faire nombre au sein du Hirak ! Or, un consensus entre les divers acteurs et courants du Hirak, quelle que soit leur appartenance id\u00e9ologique, ne peut se faire sur le dos de la moiti\u00e9 de la population.\u00a0<br \/>Un mot sur le projet de d\u00e9ch\u00e9ance de la nationalit\u00e9 qui cible des Alg\u00e9riens d\u2019origine vivant \u00e0 l\u2019\u00e9tranger. Incompr\u00e9hensible, d\u2019autant qu\u2019il survient apr\u00e8s une r\u00e9vision constitutionnelle autorisant l\u2019acc\u00e8s de binationaux \u00e0 des fonctions jug\u00e9es non strat\u00e9giques ! Si c\u2019est pour frapper de discr\u00e9dit les Alg\u00e9riens en exil, \u00e7a ne marchera pas, comme cela s\u2019est d\u00e9j\u00e0 vu \u00e0 propos de l\u2019interdiction de l\u2019embl\u00e8me amazigh. Un \u00c9tat qui a fait face au terrorisme islamiste dans les ann\u00e9es 90, dans un contexte d\u2019isolement international et de pressions diplomatiques, n\u2019a nul besoin d\u2019un tel texte.<br \/>En France, le projet de d\u00e9ch\u00e9ance de nationalit\u00e9 ne concernant pas les Fran\u00e7ais de souche mais ceux n\u00e9s en France de parents \u00e9trangers a provoqu\u00e9 un toll\u00e9. Raison, entre autres, pour laquelle ce projet a \u00e9t\u00e9 retir\u00e9 par Fran\u00e7ois Hollande le 30 mars 2016. Et jet\u00e9 aux oubliettes\u2026\u00a0<br \/><em><strong>H. Z.<\/strong><br \/>\u00a0<br \/>\u00c0 Redouane Zizi, parti pr\u00e9matur\u00e9ment samedi dernier.\u00a0<\/em><\/p>\n<p>Auteur:<br \/>\n<a href=\"https:\/\/www.lesoirdalgerie.com\/ce-monde-qui-bouge\/matoub-8-mars-et-decheance-de-la-nationalite-57704\">Cliquez ici pour lire l&rsquo;article depuis sa source.<\/a><\/p>\n","protected":false},"excerpt":{"rendered":"<p>Loun\u00e8s Matoub et Abdelkader Hachani, m\u00eame combat ? Morts pour la m\u00eame cause ? C\u2019est la derni\u00e8re trouvaille de ceux qui font dans le m\u00e9lange des genres. Le combat de Matoub, assassin\u00e9 en juin 1997, contre l\u2019islamisme et pour une Alg\u00e9rie d\u00e9mocratique et plurielle, est connu. Il \u00e9tait aux antipodes d\u2019un Abdelkader Hachani, victime d\u2019une [&hellip;]<\/p>\n","protected":false},"author":1741,"featured_media":0,"comment_status":"closed","ping_status":"closed","sticky":false,"template":"","format":"standard","meta":{"fifu_image_url":"","fifu_image_alt":"","footnotes":""},"categories":[73,53],"tags":[],"class_list":["post-112949","post","type-post","status-publish","format-standard","hentry","category-actualite","category-algerie"],"_links":{"self":[{"href":"https:\/\/linitiative.ca\/International\/wp-json\/wp\/v2\/posts\/112949","targetHints":{"allow":["GET"]}}],"collection":[{"href":"https:\/\/linitiative.ca\/International\/wp-json\/wp\/v2\/posts"}],"about":[{"href":"https:\/\/linitiative.ca\/International\/wp-json\/wp\/v2\/types\/post"}],"author":[{"embeddable":true,"href":"https:\/\/linitiative.ca\/International\/wp-json\/wp\/v2\/users\/1741"}],"replies":[{"embeddable":true,"href":"https:\/\/linitiative.ca\/International\/wp-json\/wp\/v2\/comments?post=112949"}],"version-history":[{"count":0,"href":"https:\/\/linitiative.ca\/International\/wp-json\/wp\/v2\/posts\/112949\/revisions"}],"wp:attachment":[{"href":"https:\/\/linitiative.ca\/International\/wp-json\/wp\/v2\/media?parent=112949"}],"wp:term":[{"taxonomy":"category","embeddable":true,"href":"https:\/\/linitiative.ca\/International\/wp-json\/wp\/v2\/categories?post=112949"},{"taxonomy":"post_tag","embeddable":true,"href":"https:\/\/linitiative.ca\/International\/wp-json\/wp\/v2\/tags?post=112949"}],"curies":[{"name":"wp","href":"https:\/\/api.w.org\/{rel}","templated":true}]}}